{"id":7427,"date":"2026-04-27T05:10:18","date_gmt":"2026-04-27T05:10:18","guid":{"rendered":"https:\/\/lmtj.ro\/?p=7427"},"modified":"2026-04-28T05:11:33","modified_gmt":"2026-04-28T05:11:33","slug":"concursul-de-limba-engleza-speak-out-faza-judeteana-si-a-desemnat-castigatorii-iar-printre-ei-se-numara-si-talentatele-eleve-ale-liceului-de-muzica-tudor-jarda","status":"publish","type":"post","link":"https:\/\/lmtj.ro\/?p=7427","title":{"rendered":"Concursul de limba englez\u0103 &#8222;Speak Out!&#8221;, faza jude\u021bean\u0103, \u0219i-a desemnat c\u00e2\u0219tig\u0103torii, iar printre ei se num\u0103r\u0103 \u0219i talentatele eleve ale Liceului de Muzic\u0103 &#8222;Tudor Jarda&#8221;"},"content":{"rendered":"\n<p>Concursul de limba englez\u0103 &#8222;Speak Out!&#8221;, faza jude\u021bean\u0103, \u0219i-a desemnat c\u00e2\u0219tig\u0103torii, iar printre ei se num\u0103r\u0103 \u0219i talentatele eleve ale Liceului de Muzic\u0103 &#8222;Tudor Jarda&#8221;:<\/p>\n\n\n\n<p>Sec\u021biunea Monolog:<\/p>\n\n\n\n<p>Premiul I \u0219i calificare la etapa na\u021bional\u0103: Hojda Elisa (9B) \u0219i Flore Emanuela (11B)<\/p>\n\n\n\n<p>Premiul III: Pop Teodora (12B)<\/p>\n\n\n\n<p>Men\u021biuni: Zanfir Florina (11B), Lorincz Jessica (9B) \u0219i Moldovan Cosmina (9B)<\/p>\n\n\n\n<p>Sec\u021biunea Scriere creativ\u0103:<\/p>\n\n\n\n<p>Premiul I \u0219i calificare la etapa na\u021bional\u0103: Bologa Miruna (7)<\/p>\n\n\n\n<p>Premiul II: Ometi\u021b\u0103 Lauriana (11B) \u0219i Pfingstgraef-Grigore Sofia (10B)<\/p>\n\n\n\n<p>Men\u021biuni: G\u0103l\u0103\u021ban Cristina (11A), Hojda Elisa (9B), Pop Teodora (12B) \u0219i Vaum Samira (11B)<\/p>\n\n\n\n<p>Felicit\u0103m elevele participante pentru creativitatea de care au dat dovad\u0103, la competi\u021bia care ne-a \u021binut cu sufletul la gur\u0103 \u00een ultima s\u0103pt\u0103m\u00e2n\u0103! Well done, dream team! <a href=\"https:\/\/www.facebook.com\/hashtag\/speakout?__cft__[0]=AZYz-lFrf55zo3ArcleOLMjNPIdv-I39mK30kBDIx34DpURQHYrimgQOoGMOtzdPeQs-P1V7wxRvdD6rsztOOzB6GbE6hAozHY2Fo6J8gknEK6Eg5sEq1yfvVzZdWl87tpXqcvqfZfl6Q64T4YtBsnujICPRpDCsbQEfIE5ullxhwqXzt3yORonnwlC5qe8vTpI&amp;__tn__=*NK-R\">#speakout<\/a><a href=\"https:\/\/www.facebook.com\/hashtag\/beesknees?__cft__[0]=AZYz-lFrf55zo3ArcleOLMjNPIdv-I39mK30kBDIx34DpURQHYrimgQOoGMOtzdPeQs-P1V7wxRvdD6rsztOOzB6GbE6hAozHY2Fo6J8gknEK6Eg5sEq1yfvVzZdWl87tpXqcvqfZfl6Q64T4YtBsnujICPRpDCsbQEfIE5ullxhwqXzt3yORonnwlC5qe8vTpI&amp;__tn__=*NK-R\">#beesknees<\/a><a href=\"https:\/\/www.facebook.com\/hashtag\/dramaisfun?__cft__[0]=AZYz-lFrf55zo3ArcleOLMjNPIdv-I39mK30kBDIx34DpURQHYrimgQOoGMOtzdPeQs-P1V7wxRvdD6rsztOOzB6GbE6hAozHY2Fo6J8gknEK6Eg5sEq1yfvVzZdWl87tpXqcvqfZfl6Q64T4YtBsnujICPRpDCsbQEfIE5ullxhwqXzt3yORonnwlC5qe8vTpI&amp;__tn__=*NK-R\">#dramaisfun<\/a><\/p>\n\n\n\n<p>prof coordonator: Alina Tomi-S\u0103tmar<\/p>\n","protected":false},"excerpt":{"rendered":"<p>Concursul de limba englez\u0103 &#8222;Speak Out!&#8221;, faza jude\u021bean\u0103, \u0219i-a desemnat c\u00e2\u0219tig\u0103torii, iar printre ei se num\u0103r\u0103 \u0219i talentatele eleve ale Liceului de Muzic\u0103 &#8222;Tudor Jarda&#8221;: Sec\u021biunea Monolog: Premiul I \u0219i calificare la etapa na\u021bional\u0103: Hojda Elisa (9B) \u0219i Flore Emanuela (11B) Premiul III: Pop Teodora (12B) Men\u021biuni: Zanfir Florina (11B), Lorincz Jessica (9B) \u0219i Moldovan [&hellip;]<\/p>\n","protected":false},"author":1,"featured_media":7428,"comment_status":"open","ping_status":"open","sticky":false,"template":"","format":"standard","meta":{"site-sidebar-layout":"default","site-content-layout":"","ast-site-content-layout":"default","site-content-style":"default","site-sidebar-style":"default","ast-global-header-display":"","ast-banner-title-visibility":"","ast-main-header-display":"","ast-hfb-above-header-display":"","ast-hfb-below-header-display":"","ast-hfb-mobile-header-display":"","site-post-title":"","ast-breadcrumbs-content":"","ast-featured-img":"","footer-sml-layout":"","ast-disable-related-posts":"","theme-transparent-header-meta":"","adv-header-id-meta":"","stick-header-meta":"","header-above-stick-meta":"","header-main-stick-meta":"","header-below-stick-meta":"","astra-migrate-meta-layouts":"set","ast-page-background-enabled":"default","ast-page-background-meta":{"desktop":{"background-color":"","background-image":"","background-repeat":"repeat","background-position":"center center","background-size":"auto","background-attachment":"scroll","background-type":"","background-media":"","overlay-type":"","overlay-color":"","overlay-opacity":"","overlay-gradient":""},"tablet":{"background-color":"","background-image":"","background-repeat":"repeat","background-position":"center center","background-size":"auto","background-attachment":"scroll","background-type":"","background-media":"","overlay-type":"","overlay-color":"","overlay-opacity":"","overlay-gradient":""},"mobile":{"background-color":"","background-image":"","background-repeat":"repeat","background-position":"center center","background-size":"auto","background-attachment":"scroll","background-type":"","background-media":"","overlay-type":"","overlay-color":"","overlay-opacity":"","overlay-gradient":""}},"ast-content-background-meta":{"desktop":{"background-color":"var(--ast-global-color-5)","background-image":"","background-repeat":"repeat","background-position":"center center","background-size":"auto","background-attachment":"scroll","background-type":"","background-media":"","overlay-type":"","overlay-color":"","overlay-opacity":"","overlay-gradient":""},"tablet":{"background-color":"var(--ast-global-color-5)","background-image":"","background-repeat":"repeat","background-position":"center center","background-size":"auto","background-attachment":"scroll","background-type":"","background-media":"","overlay-type":"","overlay-color":"","overlay-opacity":"","overlay-gradient":""},"mobile":{"background-color":"var(--ast-global-color-5)","background-image":"","background-repeat":"repeat","background-position":"center center","background-size":"auto","background-attachment":"scroll","background-type":"","background-media":"","overlay-type":"","overlay-color":"","overlay-opacity":"","overlay-gradient":""}},"footnotes":""},"categories":[19],"tags":[],"post_folder":[],"class_list":["post-7427","post","type-post","status-publish","format-standard","has-post-thumbnail","hentry","category-general"],"yoast_head":"<!-- This site is optimized with the Yoast SEO plugin v27.2 - https:\/\/yoast.com\/product\/yoast-seo-wordpress\/ -->\n<title>Concursul de limba englez\u0103 &quot;Speak Out!&quot;, faza jude\u021bean\u0103, \u0219i-a desemnat c\u00e2\u0219tig\u0103torii, iar printre ei se num\u0103r\u0103 \u0219i talentatele eleve ale Liceului de Muzic\u0103 &quot;Tudor Jarda&quot; - Liceul de Muzic\u0103 &quot;Tudor Jarda&quot;<\/title>\n<meta name=\"robots\" content=\"index, follow, max-snippet:-1, max-image-preview:large, max-video-preview:-1\" \/>\n<link rel=\"canonical\" href=\"https:\/\/lmtj.ro\/?p=7427\" \/>\n<meta property=\"og:locale\" content=\"ro_RO\" \/>\n<meta property=\"og:type\" content=\"article\" \/>\n<meta property=\"og:title\" content=\"Concursul de limba englez\u0103 &quot;Speak Out!&quot;, faza jude\u021bean\u0103, \u0219i-a desemnat c\u00e2\u0219tig\u0103torii, iar printre ei se num\u0103r\u0103 \u0219i talentatele eleve ale Liceului de Muzic\u0103 &quot;Tudor Jarda&quot; - Liceul de Muzic\u0103 &quot;Tudor Jarda&quot;\" \/>\n<meta property=\"og:description\" content=\"Concursul de limba englez\u0103 &#8222;Speak Out!&#8221;, faza jude\u021bean\u0103, \u0219i-a desemnat c\u00e2\u0219tig\u0103torii, iar printre ei se num\u0103r\u0103 \u0219i talentatele eleve ale Liceului de Muzic\u0103 &#8222;Tudor Jarda&#8221;: Sec\u021biunea Monolog: Premiul I \u0219i calificare la etapa na\u021bional\u0103: Hojda Elisa (9B) \u0219i Flore Emanuela (11B) Premiul III: Pop Teodora (12B) Men\u021biuni: Zanfir Florina (11B), Lorincz Jessica (9B) \u0219i Moldovan [&hellip;]\" \/>\n<meta property=\"og:url\" content=\"https:\/\/lmtj.ro\/?p=7427\" \/>\n<meta property=\"og:site_name\" content=\"Liceul de Muzic\u0103 &quot;Tudor Jarda&quot;\" \/>\n<meta property=\"article:published_time\" content=\"2026-04-27T05:10:18+00:00\" \/>\n<meta property=\"article:modified_time\" content=\"2026-04-28T05:11:33+00:00\" \/>\n<meta property=\"og:image\" content=\"https:\/\/lmtj.ro\/wp-content\/uploads\/2026\/04\/683001108_1504765724993834_4331576846406122253_n.jpg\" \/>\n\t<meta property=\"og:image:width\" content=\"2048\" \/>\n\t<meta property=\"og:image:height\" content=\"1362\" \/>\n\t<meta property=\"og:image:type\" content=\"image\/jpeg\" \/>\n<meta name=\"author\" content=\"Cristi2412\" \/>\n<meta name=\"twitter:card\" content=\"summary_large_image\" \/>\n<meta name=\"twitter:label1\" content=\"Scris de\" \/>\n\t<meta name=\"twitter:data1\" content=\"Cristi2412\" \/>\n\t<meta name=\"twitter:label2\" content=\"Timp estimat pentru citire\" \/>\n\t<meta name=\"twitter:data2\" content=\"1 minut\" \/>\n<script type=\"application\/ld+json\" class=\"yoast-schema-graph\">{\"@context\":\"https:\/\/schema.org\",\"@graph\":[{\"@type\":\"Article\",\"@id\":\"https:\/\/lmtj.ro\/?p=7427#article\",\"isPartOf\":{\"@id\":\"https:\/\/lmtj.ro\/?p=7427\"},\"author\":{\"name\":\"Cristi2412\",\"@id\":\"https:\/\/lmtj.ro\/#\/schema\/person\/251f53cc7f78c47b51b96b6b67ce1dd9\"},\"headline\":\"Concursul de limba englez\u0103 &#8222;Speak Out!&#8221;, faza jude\u021bean\u0103, \u0219i-a desemnat c\u00e2\u0219tig\u0103torii, iar printre ei se num\u0103r\u0103 \u0219i talentatele eleve ale Liceului de Muzic\u0103 &#8222;Tudor Jarda&#8221;\",\"datePublished\":\"2026-04-27T05:10:18+00:00\",\"dateModified\":\"2026-04-28T05:11:33+00:00\",\"mainEntityOfPage\":{\"@id\":\"https:\/\/lmtj.ro\/?p=7427\"},\"wordCount\":172,\"commentCount\":0,\"publisher\":{\"@id\":\"https:\/\/lmtj.ro\/#organization\"},\"image\":{\"@id\":\"https:\/\/lmtj.ro\/?p=7427#primaryimage\"},\"thumbnailUrl\":\"https:\/\/lmtj.ro\/wp-content\/uploads\/2026\/04\/683001108_1504765724993834_4331576846406122253_n.jpg\",\"articleSection\":[\"General\"],\"inLanguage\":\"ro-RO\",\"potentialAction\":[{\"@type\":\"CommentAction\",\"name\":\"Comment\",\"target\":[\"https:\/\/lmtj.ro\/?p=7427#respond\"]}]},{\"@type\":\"WebPage\",\"@id\":\"https:\/\/lmtj.ro\/?p=7427\",\"url\":\"https:\/\/lmtj.ro\/?p=7427\",\"name\":\"Concursul de limba englez\u0103 \\\"Speak Out!\\\", faza jude\u021bean\u0103, \u0219i-a desemnat c\u00e2\u0219tig\u0103torii, iar printre ei se num\u0103r\u0103 \u0219i talentatele eleve ale Liceului de Muzic\u0103 \\\"Tudor Jarda\\\" - Liceul de Muzic\u0103 &quot;Tudor Jarda&quot;\",\"isPartOf\":{\"@id\":\"https:\/\/lmtj.ro\/#website\"},\"primaryImageOfPage\":{\"@id\":\"https:\/\/lmtj.ro\/?p=7427#primaryimage\"},\"image\":{\"@id\":\"https:\/\/lmtj.ro\/?p=7427#primaryimage\"},\"thumbnailUrl\":\"https:\/\/lmtj.ro\/wp-content\/uploads\/2026\/04\/683001108_1504765724993834_4331576846406122253_n.jpg\",\"datePublished\":\"2026-04-27T05:10:18+00:00\",\"dateModified\":\"2026-04-28T05:11:33+00:00\",\"breadcrumb\":{\"@id\":\"https:\/\/lmtj.ro\/?p=7427#breadcrumb\"},\"inLanguage\":\"ro-RO\",\"potentialAction\":[{\"@type\":\"ReadAction\",\"target\":[\"https:\/\/lmtj.ro\/?p=7427\"]}]},{\"@type\":\"ImageObject\",\"inLanguage\":\"ro-RO\",\"@id\":\"https:\/\/lmtj.ro\/?p=7427#primaryimage\",\"url\":\"https:\/\/lmtj.ro\/wp-content\/uploads\/2026\/04\/683001108_1504765724993834_4331576846406122253_n.jpg\",\"contentUrl\":\"https:\/\/lmtj.ro\/wp-content\/uploads\/2026\/04\/683001108_1504765724993834_4331576846406122253_n.jpg\",\"width\":2048,\"height\":1362},{\"@type\":\"BreadcrumbList\",\"@id\":\"https:\/\/lmtj.ro\/?p=7427#breadcrumb\",\"itemListElement\":[{\"@type\":\"ListItem\",\"position\":1,\"name\":\"Prima pagin\u0103\",\"item\":\"https:\/\/lmtj.ro\/\"},{\"@type\":\"ListItem\",\"position\":2,\"name\":\"Concursul de limba englez\u0103 &#8222;Speak Out!&#8221;, faza jude\u021bean\u0103, \u0219i-a desemnat c\u00e2\u0219tig\u0103torii, iar printre ei se num\u0103r\u0103 \u0219i talentatele eleve ale Liceului de Muzic\u0103 &#8222;Tudor Jarda&#8221;\"}]},{\"@type\":\"WebSite\",\"@id\":\"https:\/\/lmtj.ro\/#website\",\"url\":\"https:\/\/lmtj.ro\/\",\"name\":\"Liceul de Muzic\u0103 &quot;Tudor Jarda&quot;\",\"description\":\"Liceul de Muzic\u0103 &quot;Tudor Jarda&quot;\",\"publisher\":{\"@id\":\"https:\/\/lmtj.ro\/#organization\"},\"potentialAction\":[{\"@type\":\"SearchAction\",\"target\":{\"@type\":\"EntryPoint\",\"urlTemplate\":\"https:\/\/lmtj.ro\/?s={search_term_string}\"},\"query-input\":{\"@type\":\"PropertyValueSpecification\",\"valueRequired\":true,\"valueName\":\"search_term_string\"}}],\"inLanguage\":\"ro-RO\"},{\"@type\":\"Organization\",\"@id\":\"https:\/\/lmtj.ro\/#organization\",\"name\":\"Liceul de Muzic\u0103 &quot;Tudor Jarda&quot;\",\"url\":\"https:\/\/lmtj.ro\/\",\"logo\":{\"@type\":\"ImageObject\",\"inLanguage\":\"ro-RO\",\"@id\":\"https:\/\/lmtj.ro\/#\/schema\/logo\/image\/\",\"url\":\"https:\/\/lmtj.ro\/wp-content\/uploads\/2021\/03\/cropped-logo_no_background-1.png\",\"contentUrl\":\"https:\/\/lmtj.ro\/wp-content\/uploads\/2021\/03\/cropped-logo_no_background-1.png\",\"width\":464,\"height\":464,\"caption\":\"Liceul de Muzic\u0103 &quot;Tudor Jarda&quot;\"},\"image\":{\"@id\":\"https:\/\/lmtj.ro\/#\/schema\/logo\/image\/\"}},{\"@type\":\"Person\",\"@id\":\"https:\/\/lmtj.ro\/#\/schema\/person\/251f53cc7f78c47b51b96b6b67ce1dd9\",\"name\":\"Cristi2412\",\"image\":{\"@type\":\"ImageObject\",\"inLanguage\":\"ro-RO\",\"@id\":\"https:\/\/secure.gravatar.com\/avatar\/1444ab07ba320683ad35d71963c8745f885e8e1ea061ec1d634017c2172341a6?s=96&d=mm&r=g\",\"url\":\"https:\/\/secure.gravatar.com\/avatar\/1444ab07ba320683ad35d71963c8745f885e8e1ea061ec1d634017c2172341a6?s=96&d=mm&r=g\",\"contentUrl\":\"https:\/\/secure.gravatar.com\/avatar\/1444ab07ba320683ad35d71963c8745f885e8e1ea061ec1d634017c2172341a6?s=96&d=mm&r=g\",\"caption\":\"Cristi2412\"},\"sameAs\":[\"https:\/\/lmtj.ro\"],\"url\":\"https:\/\/lmtj.ro\/?author=1\"}]}<\/script>\n<!-- \/ Yoast SEO plugin. -->","yoast_head_json":{"title":"Concursul de limba englez\u0103 \"Speak Out!\", faza jude\u021bean\u0103, \u0219i-a desemnat c\u00e2\u0219tig\u0103torii, iar printre ei se num\u0103r\u0103 \u0219i talentatele eleve ale Liceului de Muzic\u0103 \"Tudor Jarda\" - Liceul de Muzic\u0103 &quot;Tudor Jarda&quot;","robots":{"index":"index","follow":"follow","max-snippet":"max-snippet:-1","max-image-preview":"max-image-preview:large","max-video-preview":"max-video-preview:-1"},"canonical":"https:\/\/lmtj.ro\/?p=7427","og_locale":"ro_RO","og_type":"article","og_title":"Concursul de limba englez\u0103 \"Speak Out!\", faza jude\u021bean\u0103, \u0219i-a desemnat c\u00e2\u0219tig\u0103torii, iar printre ei se num\u0103r\u0103 \u0219i talentatele eleve ale Liceului de Muzic\u0103 \"Tudor Jarda\" - Liceul de Muzic\u0103 &quot;Tudor Jarda&quot;","og_description":"Concursul de limba englez\u0103 &#8222;Speak Out!&#8221;, faza jude\u021bean\u0103, \u0219i-a desemnat c\u00e2\u0219tig\u0103torii, iar printre ei se num\u0103r\u0103 \u0219i talentatele eleve ale Liceului de Muzic\u0103 &#8222;Tudor Jarda&#8221;: Sec\u021biunea Monolog: Premiul I \u0219i calificare la etapa na\u021bional\u0103: Hojda Elisa (9B) \u0219i Flore Emanuela (11B) Premiul III: Pop Teodora (12B) Men\u021biuni: Zanfir Florina (11B), Lorincz Jessica (9B) \u0219i Moldovan [&hellip;]","og_url":"https:\/\/lmtj.ro\/?p=7427","og_site_name":"Liceul de Muzic\u0103 &quot;Tudor Jarda&quot;","article_published_time":"2026-04-27T05:10:18+00:00","article_modified_time":"2026-04-28T05:11:33+00:00","og_image":[{"width":2048,"height":1362,"url":"https:\/\/lmtj.ro\/wp-content\/uploads\/2026\/04\/683001108_1504765724993834_4331576846406122253_n.jpg","type":"image\/jpeg"}],"author":"Cristi2412","twitter_card":"summary_large_image","twitter_misc":{"Scris de":"Cristi2412","Timp estimat pentru citire":"1 minut"},"schema":{"@context":"https:\/\/schema.org","@graph":[{"@type":"Article","@id":"https:\/\/lmtj.ro\/?p=7427#article","isPartOf":{"@id":"https:\/\/lmtj.ro\/?p=7427"},"author":{"name":"Cristi2412","@id":"https:\/\/lmtj.ro\/#\/schema\/person\/251f53cc7f78c47b51b96b6b67ce1dd9"},"headline":"Concursul de limba englez\u0103 &#8222;Speak Out!&#8221;, faza jude\u021bean\u0103, \u0219i-a desemnat c\u00e2\u0219tig\u0103torii, iar printre ei se num\u0103r\u0103 \u0219i talentatele eleve ale Liceului de Muzic\u0103 &#8222;Tudor Jarda&#8221;","datePublished":"2026-04-27T05:10:18+00:00","dateModified":"2026-04-28T05:11:33+00:00","mainEntityOfPage":{"@id":"https:\/\/lmtj.ro\/?p=7427"},"wordCount":172,"commentCount":0,"publisher":{"@id":"https:\/\/lmtj.ro\/#organization"},"image":{"@id":"https:\/\/lmtj.ro\/?p=7427#primaryimage"},"thumbnailUrl":"https:\/\/lmtj.ro\/wp-content\/uploads\/2026\/04\/683001108_1504765724993834_4331576846406122253_n.jpg","articleSection":["General"],"inLanguage":"ro-RO","potentialAction":[{"@type":"CommentAction","name":"Comment","target":["https:\/\/lmtj.ro\/?p=7427#respond"]}]},{"@type":"WebPage","@id":"https:\/\/lmtj.ro\/?p=7427","url":"https:\/\/lmtj.ro\/?p=7427","name":"Concursul de limba englez\u0103 \"Speak Out!\", faza jude\u021bean\u0103, \u0219i-a desemnat c\u00e2\u0219tig\u0103torii, iar printre ei se num\u0103r\u0103 \u0219i talentatele eleve ale Liceului de Muzic\u0103 \"Tudor Jarda\" - Liceul de Muzic\u0103 &quot;Tudor Jarda&quot;","isPartOf":{"@id":"https:\/\/lmtj.ro\/#website"},"primaryImageOfPage":{"@id":"https:\/\/lmtj.ro\/?p=7427#primaryimage"},"image":{"@id":"https:\/\/lmtj.ro\/?p=7427#primaryimage"},"thumbnailUrl":"https:\/\/lmtj.ro\/wp-content\/uploads\/2026\/04\/683001108_1504765724993834_4331576846406122253_n.jpg","datePublished":"2026-04-27T05:10:18+00:00","dateModified":"2026-04-28T05:11:33+00:00","breadcrumb":{"@id":"https:\/\/lmtj.ro\/?p=7427#breadcrumb"},"inLanguage":"ro-RO","potentialAction":[{"@type":"ReadAction","target":["https:\/\/lmtj.ro\/?p=7427"]}]},{"@type":"ImageObject","inLanguage":"ro-RO","@id":"https:\/\/lmtj.ro\/?p=7427#primaryimage","url":"https:\/\/lmtj.ro\/wp-content\/uploads\/2026\/04\/683001108_1504765724993834_4331576846406122253_n.jpg","contentUrl":"https:\/\/lmtj.ro\/wp-content\/uploads\/2026\/04\/683001108_1504765724993834_4331576846406122253_n.jpg","width":2048,"height":1362},{"@type":"BreadcrumbList","@id":"https:\/\/lmtj.ro\/?p=7427#breadcrumb","itemListElement":[{"@type":"ListItem","position":1,"name":"Prima pagin\u0103","item":"https:\/\/lmtj.ro\/"},{"@type":"ListItem","position":2,"name":"Concursul de limba englez\u0103 &#8222;Speak Out!&#8221;, faza jude\u021bean\u0103, \u0219i-a desemnat c\u00e2\u0219tig\u0103torii, iar printre ei se num\u0103r\u0103 \u0219i talentatele eleve ale Liceului de Muzic\u0103 &#8222;Tudor Jarda&#8221;"}]},{"@type":"WebSite","@id":"https:\/\/lmtj.ro\/#website","url":"https:\/\/lmtj.ro\/","name":"Liceul de Muzic\u0103 &quot;Tudor Jarda&quot;","description":"Liceul de Muzic\u0103 &quot;Tudor Jarda&quot;","publisher":{"@id":"https:\/\/lmtj.ro\/#organization"},"potentialAction":[{"@type":"SearchAction","target":{"@type":"EntryPoint","urlTemplate":"https:\/\/lmtj.ro\/?s={search_term_string}"},"query-input":{"@type":"PropertyValueSpecification","valueRequired":true,"valueName":"search_term_string"}}],"inLanguage":"ro-RO"},{"@type":"Organization","@id":"https:\/\/lmtj.ro\/#organization","name":"Liceul de Muzic\u0103 &quot;Tudor Jarda&quot;","url":"https:\/\/lmtj.ro\/","logo":{"@type":"ImageObject","inLanguage":"ro-RO","@id":"https:\/\/lmtj.ro\/#\/schema\/logo\/image\/","url":"https:\/\/lmtj.ro\/wp-content\/uploads\/2021\/03\/cropped-logo_no_background-1.png","contentUrl":"https:\/\/lmtj.ro\/wp-content\/uploads\/2021\/03\/cropped-logo_no_background-1.png","width":464,"height":464,"caption":"Liceul de Muzic\u0103 &quot;Tudor Jarda&quot;"},"image":{"@id":"https:\/\/lmtj.ro\/#\/schema\/logo\/image\/"}},{"@type":"Person","@id":"https:\/\/lmtj.ro\/#\/schema\/person\/251f53cc7f78c47b51b96b6b67ce1dd9","name":"Cristi2412","image":{"@type":"ImageObject","inLanguage":"ro-RO","@id":"https:\/\/secure.gravatar.com\/avatar\/1444ab07ba320683ad35d71963c8745f885e8e1ea061ec1d634017c2172341a6?s=96&d=mm&r=g","url":"https:\/\/secure.gravatar.com\/avatar\/1444ab07ba320683ad35d71963c8745f885e8e1ea061ec1d634017c2172341a6?s=96&d=mm&r=g","contentUrl":"https:\/\/secure.gravatar.com\/avatar\/1444ab07ba320683ad35d71963c8745f885e8e1ea061ec1d634017c2172341a6?s=96&d=mm&r=g","caption":"Cristi2412"},"sameAs":["https:\/\/lmtj.ro"],"url":"https:\/\/lmtj.ro\/?author=1"}]}},"_links":{"self":[{"href":"https:\/\/lmtj.ro\/index.php?rest_route=\/wp\/v2\/posts\/7427","targetHints":{"allow":["GET"]}}],"collection":[{"href":"https:\/\/lmtj.ro\/index.php?rest_route=\/wp\/v2\/posts"}],"about":[{"href":"https:\/\/lmtj.ro\/index.php?rest_route=\/wp\/v2\/types\/post"}],"author":[{"embeddable":true,"href":"https:\/\/lmtj.ro\/index.php?rest_route=\/wp\/v2\/users\/1"}],"replies":[{"embeddable":true,"href":"https:\/\/lmtj.ro\/index.php?rest_route=%2Fwp%2Fv2%2Fcomments&post=7427"}],"version-history":[{"count":1,"href":"https:\/\/lmtj.ro\/index.php?rest_route=\/wp\/v2\/posts\/7427\/revisions"}],"predecessor-version":[{"id":7429,"href":"https:\/\/lmtj.ro\/index.php?rest_route=\/wp\/v2\/posts\/7427\/revisions\/7429"}],"wp:featuredmedia":[{"embeddable":true,"href":"https:\/\/lmtj.ro\/index.php?rest_route=\/wp\/v2\/media\/7428"}],"wp:attachment":[{"href":"https:\/\/lmtj.ro\/index.php?rest_route=%2Fwp%2Fv2%2Fmedia&parent=7427"}],"wp:term":[{"taxonomy":"category","embeddable":true,"href":"https:\/\/lmtj.ro\/index.php?rest_route=%2Fwp%2Fv2%2Fcategories&post=7427"},{"taxonomy":"post_tag","embeddable":true,"href":"https:\/\/lmtj.ro\/index.php?rest_route=%2Fwp%2Fv2%2Ftags&post=7427"},{"taxonomy":"post_folder","embeddable":true,"href":"https:\/\/lmtj.ro\/index.php?rest_route=%2Fwp%2Fv2%2Fpost_folder&post=7427"}],"curies":[{"name":"wp","href":"https:\/\/api.w.org\/{rel}","templated":true}]}}