{"id":7413,"date":"2026-04-26T05:15:28","date_gmt":"2026-04-26T05:15:28","guid":{"rendered":"https:\/\/lmtj.ro\/?p=7413"},"modified":"2026-04-27T05:18:39","modified_gmt":"2026-04-27T05:18:39","slug":"ce-mai-fac-absolventii-nostri-anamaria-archiudean","status":"publish","type":"post","link":"https:\/\/lmtj.ro\/?p=7413","title":{"rendered":"Ce mai fac absolven\u021bii no\u0219tri? &#8211; Anamaria Archiudean"},"content":{"rendered":"\n<p><img decoding=\"async\" height=\"16\" width=\"16\" alt=\"\ud83c\udf93\" src=\"https:\/\/static.xx.fbcdn.net\/images\/emoji.php\/v9\/t25\/1\/16\/1f393.png\"> Ce mai fac absolven\u021bii no\u0219tri? &#8211; <a href=\"https:\/\/www.facebook.com\/anamaria.archiudean?__cft__[0]=AZY2xUXqkI-rwEIY6KJydUlP3zyCuuzNe9cmCYuOSfKIqN3cbsPEQLHYJbGQynrmk4cYg6Pk8VBvLut9u8gmZyOjOqzuE8NNhB1X2S_2tcxuavHXwH-bLx9_1r8xxFgLz1GIQAe0GKCY2rYTjpeaqOzPSeFUbp_GWu4_-xiBJWoXDU1XjnT9MaUo2Wvshl8rCFU&amp;__tn__=-]K-R\">Anamaria Archiudean<\/a><\/p>\n\n\n\n<p>Cresc, reu\u0219esc, viseaz\u0103\u2026 \u0219i duc mai departe spiritul liceului nostru oriunde ajung. <img decoding=\"async\" height=\"16\" width=\"16\" alt=\"\ud83d\udc99\" src=\"https:\/\/static.xx.fbcdn.net\/images\/emoji.php\/v9\/t6c\/1\/16\/1f499.png\"><\/p>\n\n\n\n<p>De la facult\u0103\u021bi cu profil Muzic\u0103, ori alte specializ\u0103ri, la cariere \u00een plin\u0103 formare, fiecare poveste \u00eencepe de aici, de la familia LMTJ.<\/p>\n\n\n\n<p>Viitorul se construie\u0219te pas cu pas \u2014 iar primul a fost f\u0103cut la noi.<\/p>\n\n\n\n<p>De ast\u0103zi v\u0103 vom prezenta mai mul\u021bi absolven\u021bi ai LMTJ care \u0219i-au continuat studiile la diferite facult\u0103\u021bi \u0219i \u00een domenii diverse.<\/p>\n\n\n\n<p><a href=\"https:\/\/www.facebook.com\/LiceulTudorJarda\/posts\/pfbid02cdMeLN64Mny9TmoRc6asKQzNae78hzT2H9Kd2U9yQyMneFiZFKGxitRAc732EC63l\">https:\/\/www.facebook.com\/LiceulTudorJarda\/posts\/pfbid02cdMeLN64Mny9TmoRc6asKQzNae78hzT2H9Kd2U9yQyMneFiZFKGxitRAc732EC63l<\/a><\/p>\n","protected":false},"excerpt":{"rendered":"<p>Ce mai fac absolven\u021bii no\u0219tri? &#8211; Anamaria Archiudean Cresc, reu\u0219esc, viseaz\u0103\u2026 \u0219i duc mai departe spiritul liceului nostru oriunde ajung. De la facult\u0103\u021bi cu profil Muzic\u0103, ori alte specializ\u0103ri, la cariere \u00een plin\u0103 formare, fiecare poveste \u00eencepe de aici, de la familia LMTJ. Viitorul se construie\u0219te pas cu pas \u2014 iar primul a fost f\u0103cut [&hellip;]<\/p>\n","protected":false},"author":1,"featured_media":7415,"comment_status":"open","ping_status":"open","sticky":false,"template":"","format":"standard","meta":{"site-sidebar-layout":"default","site-content-layout":"","ast-site-content-layout":"default","site-content-style":"default","site-sidebar-style":"default","ast-global-header-display":"","ast-banner-title-visibility":"","ast-main-header-display":"","ast-hfb-above-header-display":"","ast-hfb-below-header-display":"","ast-hfb-mobile-header-display":"","site-post-title":"","ast-breadcrumbs-content":"","ast-featured-img":"","footer-sml-layout":"","ast-disable-related-posts":"","theme-transparent-header-meta":"","adv-header-id-meta":"","stick-header-meta":"","header-above-stick-meta":"","header-main-stick-meta":"","header-below-stick-meta":"","astra-migrate-meta-layouts":"set","ast-page-background-enabled":"default","ast-page-background-meta":{"desktop":{"background-color":"","background-image":"","background-repeat":"repeat","background-position":"center center","background-size":"auto","background-attachment":"scroll","background-type":"","background-media":"","overlay-type":"","overlay-color":"","overlay-opacity":"","overlay-gradient":""},"tablet":{"background-color":"","background-image":"","background-repeat":"repeat","background-position":"center center","background-size":"auto","background-attachment":"scroll","background-type":"","background-media":"","overlay-type":"","overlay-color":"","overlay-opacity":"","overlay-gradient":""},"mobile":{"background-color":"","background-image":"","background-repeat":"repeat","background-position":"center center","background-size":"auto","background-attachment":"scroll","background-type":"","background-media":"","overlay-type":"","overlay-color":"","overlay-opacity":"","overlay-gradient":""}},"ast-content-background-meta":{"desktop":{"background-color":"var(--ast-global-color-5)","background-image":"","background-repeat":"repeat","background-position":"center center","background-size":"auto","background-attachment":"scroll","background-type":"","background-media":"","overlay-type":"","overlay-color":"","overlay-opacity":"","overlay-gradient":""},"tablet":{"background-color":"var(--ast-global-color-5)","background-image":"","background-repeat":"repeat","background-position":"center center","background-size":"auto","background-attachment":"scroll","background-type":"","background-media":"","overlay-type":"","overlay-color":"","overlay-opacity":"","overlay-gradient":""},"mobile":{"background-color":"var(--ast-global-color-5)","background-image":"","background-repeat":"repeat","background-position":"center center","background-size":"auto","background-attachment":"scroll","background-type":"","background-media":"","overlay-type":"","overlay-color":"","overlay-opacity":"","overlay-gradient":""}},"footnotes":""},"categories":[19],"tags":[],"post_folder":[],"class_list":["post-7413","post","type-post","status-publish","format-standard","has-post-thumbnail","hentry","category-general"],"yoast_head":"<!-- This site is optimized with the Yoast SEO plugin v27.2 - https:\/\/yoast.com\/product\/yoast-seo-wordpress\/ -->\n<title>Ce mai fac absolven\u021bii no\u0219tri? - Anamaria Archiudean - Liceul de Muzic\u0103 &quot;Tudor Jarda&quot;<\/title>\n<meta name=\"robots\" content=\"index, follow, max-snippet:-1, max-image-preview:large, max-video-preview:-1\" \/>\n<link rel=\"canonical\" href=\"https:\/\/lmtj.ro\/?p=7413\" \/>\n<meta property=\"og:locale\" content=\"ro_RO\" \/>\n<meta property=\"og:type\" content=\"article\" \/>\n<meta property=\"og:title\" content=\"Ce mai fac absolven\u021bii no\u0219tri? - Anamaria Archiudean - Liceul de Muzic\u0103 &quot;Tudor Jarda&quot;\" \/>\n<meta property=\"og:description\" content=\"Ce mai fac absolven\u021bii no\u0219tri? &#8211; Anamaria Archiudean Cresc, reu\u0219esc, viseaz\u0103\u2026 \u0219i duc mai departe spiritul liceului nostru oriunde ajung. De la facult\u0103\u021bi cu profil Muzic\u0103, ori alte specializ\u0103ri, la cariere \u00een plin\u0103 formare, fiecare poveste \u00eencepe de aici, de la familia LMTJ. Viitorul se construie\u0219te pas cu pas \u2014 iar primul a fost f\u0103cut [&hellip;]\" \/>\n<meta property=\"og:url\" content=\"https:\/\/lmtj.ro\/?p=7413\" \/>\n<meta property=\"og:site_name\" content=\"Liceul de Muzic\u0103 &quot;Tudor Jarda&quot;\" \/>\n<meta property=\"article:published_time\" content=\"2026-04-26T05:15:28+00:00\" \/>\n<meta property=\"article:modified_time\" content=\"2026-04-27T05:18:39+00:00\" \/>\n<meta property=\"og:image\" content=\"https:\/\/lmtj.ro\/wp-content\/uploads\/2026\/04\/680478796_1503720541765019_4040041912309640219_n.jpg\" \/>\n\t<meta property=\"og:image:width\" content=\"1139\" \/>\n\t<meta property=\"og:image:height\" content=\"1600\" \/>\n\t<meta property=\"og:image:type\" content=\"image\/jpeg\" \/>\n<meta name=\"author\" content=\"Cristi2412\" \/>\n<meta name=\"twitter:card\" content=\"summary_large_image\" \/>\n<meta name=\"twitter:label1\" content=\"Scris de\" \/>\n\t<meta name=\"twitter:data1\" content=\"Cristi2412\" \/>\n\t<meta name=\"twitter:label2\" content=\"Timp estimat pentru citire\" \/>\n\t<meta name=\"twitter:data2\" content=\"2 minute\" \/>\n<script type=\"application\/ld+json\" class=\"yoast-schema-graph\">{\"@context\":\"https:\/\/schema.org\",\"@graph\":[{\"@type\":\"Article\",\"@id\":\"https:\/\/lmtj.ro\/?p=7413#article\",\"isPartOf\":{\"@id\":\"https:\/\/lmtj.ro\/?p=7413\"},\"author\":{\"name\":\"Cristi2412\",\"@id\":\"https:\/\/lmtj.ro\/#\/schema\/person\/251f53cc7f78c47b51b96b6b67ce1dd9\"},\"headline\":\"Ce mai fac absolven\u021bii no\u0219tri? &#8211; Anamaria Archiudean\",\"datePublished\":\"2026-04-26T05:15:28+00:00\",\"dateModified\":\"2026-04-27T05:18:39+00:00\",\"mainEntityOfPage\":{\"@id\":\"https:\/\/lmtj.ro\/?p=7413\"},\"wordCount\":116,\"commentCount\":0,\"publisher\":{\"@id\":\"https:\/\/lmtj.ro\/#organization\"},\"image\":{\"@id\":\"https:\/\/lmtj.ro\/?p=7413#primaryimage\"},\"thumbnailUrl\":\"https:\/\/lmtj.ro\/wp-content\/uploads\/2026\/04\/680478796_1503720541765019_4040041912309640219_n.jpg\",\"articleSection\":[\"General\"],\"inLanguage\":\"ro-RO\",\"potentialAction\":[{\"@type\":\"CommentAction\",\"name\":\"Comment\",\"target\":[\"https:\/\/lmtj.ro\/?p=7413#respond\"]}]},{\"@type\":\"WebPage\",\"@id\":\"https:\/\/lmtj.ro\/?p=7413\",\"url\":\"https:\/\/lmtj.ro\/?p=7413\",\"name\":\"Ce mai fac absolven\u021bii no\u0219tri? - Anamaria Archiudean - Liceul de Muzic\u0103 &quot;Tudor Jarda&quot;\",\"isPartOf\":{\"@id\":\"https:\/\/lmtj.ro\/#website\"},\"primaryImageOfPage\":{\"@id\":\"https:\/\/lmtj.ro\/?p=7413#primaryimage\"},\"image\":{\"@id\":\"https:\/\/lmtj.ro\/?p=7413#primaryimage\"},\"thumbnailUrl\":\"https:\/\/lmtj.ro\/wp-content\/uploads\/2026\/04\/680478796_1503720541765019_4040041912309640219_n.jpg\",\"datePublished\":\"2026-04-26T05:15:28+00:00\",\"dateModified\":\"2026-04-27T05:18:39+00:00\",\"breadcrumb\":{\"@id\":\"https:\/\/lmtj.ro\/?p=7413#breadcrumb\"},\"inLanguage\":\"ro-RO\",\"potentialAction\":[{\"@type\":\"ReadAction\",\"target\":[\"https:\/\/lmtj.ro\/?p=7413\"]}]},{\"@type\":\"ImageObject\",\"inLanguage\":\"ro-RO\",\"@id\":\"https:\/\/lmtj.ro\/?p=7413#primaryimage\",\"url\":\"https:\/\/lmtj.ro\/wp-content\/uploads\/2026\/04\/680478796_1503720541765019_4040041912309640219_n.jpg\",\"contentUrl\":\"https:\/\/lmtj.ro\/wp-content\/uploads\/2026\/04\/680478796_1503720541765019_4040041912309640219_n.jpg\",\"width\":1139,\"height\":1600},{\"@type\":\"BreadcrumbList\",\"@id\":\"https:\/\/lmtj.ro\/?p=7413#breadcrumb\",\"itemListElement\":[{\"@type\":\"ListItem\",\"position\":1,\"name\":\"Prima pagin\u0103\",\"item\":\"https:\/\/lmtj.ro\/\"},{\"@type\":\"ListItem\",\"position\":2,\"name\":\"Ce mai fac absolven\u021bii no\u0219tri? &#8211; Anamaria Archiudean\"}]},{\"@type\":\"WebSite\",\"@id\":\"https:\/\/lmtj.ro\/#website\",\"url\":\"https:\/\/lmtj.ro\/\",\"name\":\"Liceul de Muzic\u0103 &quot;Tudor Jarda&quot;\",\"description\":\"Liceul de Muzic\u0103 &quot;Tudor Jarda&quot;\",\"publisher\":{\"@id\":\"https:\/\/lmtj.ro\/#organization\"},\"potentialAction\":[{\"@type\":\"SearchAction\",\"target\":{\"@type\":\"EntryPoint\",\"urlTemplate\":\"https:\/\/lmtj.ro\/?s={search_term_string}\"},\"query-input\":{\"@type\":\"PropertyValueSpecification\",\"valueRequired\":true,\"valueName\":\"search_term_string\"}}],\"inLanguage\":\"ro-RO\"},{\"@type\":\"Organization\",\"@id\":\"https:\/\/lmtj.ro\/#organization\",\"name\":\"Liceul de Muzic\u0103 &quot;Tudor Jarda&quot;\",\"url\":\"https:\/\/lmtj.ro\/\",\"logo\":{\"@type\":\"ImageObject\",\"inLanguage\":\"ro-RO\",\"@id\":\"https:\/\/lmtj.ro\/#\/schema\/logo\/image\/\",\"url\":\"https:\/\/lmtj.ro\/wp-content\/uploads\/2021\/03\/cropped-logo_no_background-1.png\",\"contentUrl\":\"https:\/\/lmtj.ro\/wp-content\/uploads\/2021\/03\/cropped-logo_no_background-1.png\",\"width\":464,\"height\":464,\"caption\":\"Liceul de Muzic\u0103 &quot;Tudor Jarda&quot;\"},\"image\":{\"@id\":\"https:\/\/lmtj.ro\/#\/schema\/logo\/image\/\"}},{\"@type\":\"Person\",\"@id\":\"https:\/\/lmtj.ro\/#\/schema\/person\/251f53cc7f78c47b51b96b6b67ce1dd9\",\"name\":\"Cristi2412\",\"image\":{\"@type\":\"ImageObject\",\"inLanguage\":\"ro-RO\",\"@id\":\"https:\/\/secure.gravatar.com\/avatar\/1444ab07ba320683ad35d71963c8745f885e8e1ea061ec1d634017c2172341a6?s=96&d=mm&r=g\",\"url\":\"https:\/\/secure.gravatar.com\/avatar\/1444ab07ba320683ad35d71963c8745f885e8e1ea061ec1d634017c2172341a6?s=96&d=mm&r=g\",\"contentUrl\":\"https:\/\/secure.gravatar.com\/avatar\/1444ab07ba320683ad35d71963c8745f885e8e1ea061ec1d634017c2172341a6?s=96&d=mm&r=g\",\"caption\":\"Cristi2412\"},\"sameAs\":[\"https:\/\/lmtj.ro\"],\"url\":\"https:\/\/lmtj.ro\/?author=1\"}]}<\/script>\n<!-- \/ Yoast SEO plugin. -->","yoast_head_json":{"title":"Ce mai fac absolven\u021bii no\u0219tri? - Anamaria Archiudean - Liceul de Muzic\u0103 &quot;Tudor Jarda&quot;","robots":{"index":"index","follow":"follow","max-snippet":"max-snippet:-1","max-image-preview":"max-image-preview:large","max-video-preview":"max-video-preview:-1"},"canonical":"https:\/\/lmtj.ro\/?p=7413","og_locale":"ro_RO","og_type":"article","og_title":"Ce mai fac absolven\u021bii no\u0219tri? - Anamaria Archiudean - Liceul de Muzic\u0103 &quot;Tudor Jarda&quot;","og_description":"Ce mai fac absolven\u021bii no\u0219tri? &#8211; Anamaria Archiudean Cresc, reu\u0219esc, viseaz\u0103\u2026 \u0219i duc mai departe spiritul liceului nostru oriunde ajung. De la facult\u0103\u021bi cu profil Muzic\u0103, ori alte specializ\u0103ri, la cariere \u00een plin\u0103 formare, fiecare poveste \u00eencepe de aici, de la familia LMTJ. Viitorul se construie\u0219te pas cu pas \u2014 iar primul a fost f\u0103cut [&hellip;]","og_url":"https:\/\/lmtj.ro\/?p=7413","og_site_name":"Liceul de Muzic\u0103 &quot;Tudor Jarda&quot;","article_published_time":"2026-04-26T05:15:28+00:00","article_modified_time":"2026-04-27T05:18:39+00:00","og_image":[{"width":1139,"height":1600,"url":"https:\/\/lmtj.ro\/wp-content\/uploads\/2026\/04\/680478796_1503720541765019_4040041912309640219_n.jpg","type":"image\/jpeg"}],"author":"Cristi2412","twitter_card":"summary_large_image","twitter_misc":{"Scris de":"Cristi2412","Timp estimat pentru citire":"2 minute"},"schema":{"@context":"https:\/\/schema.org","@graph":[{"@type":"Article","@id":"https:\/\/lmtj.ro\/?p=7413#article","isPartOf":{"@id":"https:\/\/lmtj.ro\/?p=7413"},"author":{"name":"Cristi2412","@id":"https:\/\/lmtj.ro\/#\/schema\/person\/251f53cc7f78c47b51b96b6b67ce1dd9"},"headline":"Ce mai fac absolven\u021bii no\u0219tri? &#8211; Anamaria Archiudean","datePublished":"2026-04-26T05:15:28+00:00","dateModified":"2026-04-27T05:18:39+00:00","mainEntityOfPage":{"@id":"https:\/\/lmtj.ro\/?p=7413"},"wordCount":116,"commentCount":0,"publisher":{"@id":"https:\/\/lmtj.ro\/#organization"},"image":{"@id":"https:\/\/lmtj.ro\/?p=7413#primaryimage"},"thumbnailUrl":"https:\/\/lmtj.ro\/wp-content\/uploads\/2026\/04\/680478796_1503720541765019_4040041912309640219_n.jpg","articleSection":["General"],"inLanguage":"ro-RO","potentialAction":[{"@type":"CommentAction","name":"Comment","target":["https:\/\/lmtj.ro\/?p=7413#respond"]}]},{"@type":"WebPage","@id":"https:\/\/lmtj.ro\/?p=7413","url":"https:\/\/lmtj.ro\/?p=7413","name":"Ce mai fac absolven\u021bii no\u0219tri? - Anamaria Archiudean - Liceul de Muzic\u0103 &quot;Tudor Jarda&quot;","isPartOf":{"@id":"https:\/\/lmtj.ro\/#website"},"primaryImageOfPage":{"@id":"https:\/\/lmtj.ro\/?p=7413#primaryimage"},"image":{"@id":"https:\/\/lmtj.ro\/?p=7413#primaryimage"},"thumbnailUrl":"https:\/\/lmtj.ro\/wp-content\/uploads\/2026\/04\/680478796_1503720541765019_4040041912309640219_n.jpg","datePublished":"2026-04-26T05:15:28+00:00","dateModified":"2026-04-27T05:18:39+00:00","breadcrumb":{"@id":"https:\/\/lmtj.ro\/?p=7413#breadcrumb"},"inLanguage":"ro-RO","potentialAction":[{"@type":"ReadAction","target":["https:\/\/lmtj.ro\/?p=7413"]}]},{"@type":"ImageObject","inLanguage":"ro-RO","@id":"https:\/\/lmtj.ro\/?p=7413#primaryimage","url":"https:\/\/lmtj.ro\/wp-content\/uploads\/2026\/04\/680478796_1503720541765019_4040041912309640219_n.jpg","contentUrl":"https:\/\/lmtj.ro\/wp-content\/uploads\/2026\/04\/680478796_1503720541765019_4040041912309640219_n.jpg","width":1139,"height":1600},{"@type":"BreadcrumbList","@id":"https:\/\/lmtj.ro\/?p=7413#breadcrumb","itemListElement":[{"@type":"ListItem","position":1,"name":"Prima pagin\u0103","item":"https:\/\/lmtj.ro\/"},{"@type":"ListItem","position":2,"name":"Ce mai fac absolven\u021bii no\u0219tri? &#8211; Anamaria Archiudean"}]},{"@type":"WebSite","@id":"https:\/\/lmtj.ro\/#website","url":"https:\/\/lmtj.ro\/","name":"Liceul de Muzic\u0103 &quot;Tudor Jarda&quot;","description":"Liceul de Muzic\u0103 &quot;Tudor Jarda&quot;","publisher":{"@id":"https:\/\/lmtj.ro\/#organization"},"potentialAction":[{"@type":"SearchAction","target":{"@type":"EntryPoint","urlTemplate":"https:\/\/lmtj.ro\/?s={search_term_string}"},"query-input":{"@type":"PropertyValueSpecification","valueRequired":true,"valueName":"search_term_string"}}],"inLanguage":"ro-RO"},{"@type":"Organization","@id":"https:\/\/lmtj.ro\/#organization","name":"Liceul de Muzic\u0103 &quot;Tudor Jarda&quot;","url":"https:\/\/lmtj.ro\/","logo":{"@type":"ImageObject","inLanguage":"ro-RO","@id":"https:\/\/lmtj.ro\/#\/schema\/logo\/image\/","url":"https:\/\/lmtj.ro\/wp-content\/uploads\/2021\/03\/cropped-logo_no_background-1.png","contentUrl":"https:\/\/lmtj.ro\/wp-content\/uploads\/2021\/03\/cropped-logo_no_background-1.png","width":464,"height":464,"caption":"Liceul de Muzic\u0103 &quot;Tudor Jarda&quot;"},"image":{"@id":"https:\/\/lmtj.ro\/#\/schema\/logo\/image\/"}},{"@type":"Person","@id":"https:\/\/lmtj.ro\/#\/schema\/person\/251f53cc7f78c47b51b96b6b67ce1dd9","name":"Cristi2412","image":{"@type":"ImageObject","inLanguage":"ro-RO","@id":"https:\/\/secure.gravatar.com\/avatar\/1444ab07ba320683ad35d71963c8745f885e8e1ea061ec1d634017c2172341a6?s=96&d=mm&r=g","url":"https:\/\/secure.gravatar.com\/avatar\/1444ab07ba320683ad35d71963c8745f885e8e1ea061ec1d634017c2172341a6?s=96&d=mm&r=g","contentUrl":"https:\/\/secure.gravatar.com\/avatar\/1444ab07ba320683ad35d71963c8745f885e8e1ea061ec1d634017c2172341a6?s=96&d=mm&r=g","caption":"Cristi2412"},"sameAs":["https:\/\/lmtj.ro"],"url":"https:\/\/lmtj.ro\/?author=1"}]}},"_links":{"self":[{"href":"https:\/\/lmtj.ro\/index.php?rest_route=\/wp\/v2\/posts\/7413","targetHints":{"allow":["GET"]}}],"collection":[{"href":"https:\/\/lmtj.ro\/index.php?rest_route=\/wp\/v2\/posts"}],"about":[{"href":"https:\/\/lmtj.ro\/index.php?rest_route=\/wp\/v2\/types\/post"}],"author":[{"embeddable":true,"href":"https:\/\/lmtj.ro\/index.php?rest_route=\/wp\/v2\/users\/1"}],"replies":[{"embeddable":true,"href":"https:\/\/lmtj.ro\/index.php?rest_route=%2Fwp%2Fv2%2Fcomments&post=7413"}],"version-history":[{"count":1,"href":"https:\/\/lmtj.ro\/index.php?rest_route=\/wp\/v2\/posts\/7413\/revisions"}],"predecessor-version":[{"id":7414,"href":"https:\/\/lmtj.ro\/index.php?rest_route=\/wp\/v2\/posts\/7413\/revisions\/7414"}],"wp:featuredmedia":[{"embeddable":true,"href":"https:\/\/lmtj.ro\/index.php?rest_route=\/wp\/v2\/media\/7415"}],"wp:attachment":[{"href":"https:\/\/lmtj.ro\/index.php?rest_route=%2Fwp%2Fv2%2Fmedia&parent=7413"}],"wp:term":[{"taxonomy":"category","embeddable":true,"href":"https:\/\/lmtj.ro\/index.php?rest_route=%2Fwp%2Fv2%2Fcategories&post=7413"},{"taxonomy":"post_tag","embeddable":true,"href":"https:\/\/lmtj.ro\/index.php?rest_route=%2Fwp%2Fv2%2Ftags&post=7413"},{"taxonomy":"post_folder","embeddable":true,"href":"https:\/\/lmtj.ro\/index.php?rest_route=%2Fwp%2Fv2%2Fpost_folder&post=7413"}],"curies":[{"name":"wp","href":"https:\/\/api.w.org\/{rel}","templated":true}]}}