{"id":7272,"date":"2026-03-07T06:15:15","date_gmt":"2026-03-07T06:15:15","guid":{"rendered":"https:\/\/lmtj.ro\/?p=7272"},"modified":"2026-03-09T06:16:04","modified_gmt":"2026-03-09T06:16:04","slug":"cu-emotie-in-glas-si-bucurie-in-suflet-elevii-clasei-a-iv-a-coordonati-de-dna-inv-ionela-carcu-au-pregatit-doua-cadouri-muzicale-pentru-cele-mai-iubite-fiinte-din-viata-lor-mamele","status":"publish","type":"post","link":"https:\/\/lmtj.ro\/?p=7272","title":{"rendered":"Cu emo\u021bie \u00een glas \u0219i bucurie \u00een suflet, elevii clasei a IV-a, coordona\u021bi de dna \u00eenv. Ionela C\u00e2rcu, au preg\u0103tit dou\u0103 cadouri muzicale pentru cele mai iubite fiin\u021be din via\u021ba lor \u2013 MAMELE"},"content":{"rendered":"\n<p>Cu emo\u021bie \u00een glas \u0219i bucurie \u00een suflet, elevii clasei a IV-a, coordona\u021bi de dna \u00eenv. Ionela C\u00e2rcu, au preg\u0103tit dou\u0103 cadouri muzicale pentru cele mai iubite fiin\u021be din via\u021ba lor \u2013 MAMELE. <img decoding=\"async\" height=\"16\" width=\"16\" alt=\"\ud83d\udc93\" src=\"https:\/\/static.xx.fbcdn.net\/images\/emoji.php\/v9\/t66\/1\/16\/1f493.png\"> Prin c\u00e2ntec, copiii au d\u0103ruit un strop din recuno\u0219tin\u021ba, dragostea \u0219i ging\u0103\u0219ia pe care o poart\u0103 \u00een inimile lor.<\/p>\n\n\n\n<p>Fiecare vers a fost un \u201emul\u021bumesc\u201d pentru \u00eembr\u0103\u021bi\u0219\u0103rile calde, pentru r\u0103bdarea f\u0103r\u0103 margini \u0219i pentru iubirea care \u00eei \u00eenso\u021be\u0219te \u00een fiecare pas.<\/p>\n\n\n\n<p><img decoding=\"async\" height=\"16\" width=\"16\" alt=\"\ud83c\udf37\" src=\"https:\/\/static.xx.fbcdn.net\/images\/emoji.php\/v9\/t6f\/1\/16\/1f337.png\"> La mul\u021bi ani tuturor mamelor! S\u0103 ave\u021bi parte de s\u0103n\u0103tate, lumin\u0103 \u00een suflet \u0219i nenum\u0103rate clipe frumoase al\u0103turi de copiii vo\u0219tri.<\/p>\n\n\n\n<p>@faniactivi<\/p>\n\n\n\n<p><a href=\"https:\/\/www.facebook.com\/hashtag\/ziuamamei?__eep__=6&amp;__cft__[0]=AZZ2wBQBQ4TJbcBikojUS2TYgXsNCOdvscCGP_jIO36qzzNh56CVO8EalhKDbrwStibmhpEpAoqcoECWS7noYfhkoFNCuJtKoqbAo5tww9BVokf69suwqE5Et4AqYCjgihUdsG_WS5ZOKF3XyRZkZFceHa33wEzyVn2jYol1Dlt63-ERcdDc6fp1c16CAia3a4I&amp;__tn__=*NK-R\">#ziuamamei<\/a><\/p>\n\n\n\n<p><a href=\"https:\/\/www.facebook.com\/hashtag\/lmtj?__eep__=6&amp;__cft__[0]=AZZ2wBQBQ4TJbcBikojUS2TYgXsNCOdvscCGP_jIO36qzzNh56CVO8EalhKDbrwStibmhpEpAoqcoECWS7noYfhkoFNCuJtKoqbAo5tww9BVokf69suwqE5Et4AqYCjgihUdsG_WS5ZOKF3XyRZkZFceHa33wEzyVn2jYol1Dlt63-ERcdDc6fp1c16CAia3a4I&amp;__tn__=*NK-R\">#lmtj<\/a><\/p>\n\n\n\n<p><a href=\"https:\/\/www.facebook.com\/LiceulTudorJarda\/posts\/pfbid02YVBAGQr7JXVegiiXxEjQDYTHoHqJK6fu8vQhYRFykuHJqQGZhFrvMWbegriTAxAcl\">https:\/\/www.facebook.com\/LiceulTudorJarda\/posts\/pfbid02YVBAGQr7JXVegiiXxEjQDYTHoHqJK6fu8vQhYRFykuHJqQGZhFrvMWbegriTAxAcl<\/a><\/p>\n","protected":false},"excerpt":{"rendered":"<p>Cu emo\u021bie \u00een glas \u0219i bucurie \u00een suflet, elevii clasei a IV-a, coordona\u021bi de dna \u00eenv. Ionela C\u00e2rcu, au preg\u0103tit dou\u0103 cadouri muzicale pentru cele mai iubite fiin\u021be din via\u021ba lor \u2013 MAMELE. Prin c\u00e2ntec, copiii au d\u0103ruit un strop din recuno\u0219tin\u021ba, dragostea \u0219i ging\u0103\u0219ia pe care o poart\u0103 \u00een inimile lor. Fiecare vers a [&hellip;]<\/p>\n","protected":false},"author":1,"featured_media":0,"comment_status":"open","ping_status":"open","sticky":false,"template":"","format":"standard","meta":{"site-sidebar-layout":"default","site-content-layout":"","ast-site-content-layout":"default","site-content-style":"default","site-sidebar-style":"default","ast-global-header-display":"","ast-banner-title-visibility":"","ast-main-header-display":"","ast-hfb-above-header-display":"","ast-hfb-below-header-display":"","ast-hfb-mobile-header-display":"","site-post-title":"","ast-breadcrumbs-content":"","ast-featured-img":"","footer-sml-layout":"","ast-disable-related-posts":"","theme-transparent-header-meta":"","adv-header-id-meta":"","stick-header-meta":"","header-above-stick-meta":"","header-main-stick-meta":"","header-below-stick-meta":"","astra-migrate-meta-layouts":"set","ast-page-background-enabled":"default","ast-page-background-meta":{"desktop":{"background-color":"","background-image":"","background-repeat":"repeat","background-position":"center center","background-size":"auto","background-attachment":"scroll","background-type":"","background-media":"","overlay-type":"","overlay-color":"","overlay-opacity":"","overlay-gradient":""},"tablet":{"background-color":"","background-image":"","background-repeat":"repeat","background-position":"center center","background-size":"auto","background-attachment":"scroll","background-type":"","background-media":"","overlay-type":"","overlay-color":"","overlay-opacity":"","overlay-gradient":""},"mobile":{"background-color":"","background-image":"","background-repeat":"repeat","background-position":"center center","background-size":"auto","background-attachment":"scroll","background-type":"","background-media":"","overlay-type":"","overlay-color":"","overlay-opacity":"","overlay-gradient":""}},"ast-content-background-meta":{"desktop":{"background-color":"var(--ast-global-color-5)","background-image":"","background-repeat":"repeat","background-position":"center center","background-size":"auto","background-attachment":"scroll","background-type":"","background-media":"","overlay-type":"","overlay-color":"","overlay-opacity":"","overlay-gradient":""},"tablet":{"background-color":"var(--ast-global-color-5)","background-image":"","background-repeat":"repeat","background-position":"center center","background-size":"auto","background-attachment":"scroll","background-type":"","background-media":"","overlay-type":"","overlay-color":"","overlay-opacity":"","overlay-gradient":""},"mobile":{"background-color":"var(--ast-global-color-5)","background-image":"","background-repeat":"repeat","background-position":"center center","background-size":"auto","background-attachment":"scroll","background-type":"","background-media":"","overlay-type":"","overlay-color":"","overlay-opacity":"","overlay-gradient":""}},"footnotes":""},"categories":[19],"tags":[],"post_folder":[],"class_list":["post-7272","post","type-post","status-publish","format-standard","hentry","category-general"],"yoast_head":"<!-- This site is optimized with the Yoast SEO plugin v27.2 - https:\/\/yoast.com\/product\/yoast-seo-wordpress\/ -->\n<title>Cu emo\u021bie \u00een glas \u0219i bucurie \u00een suflet, elevii clasei a IV-a, coordona\u021bi de dna \u00eenv. Ionela C\u00e2rcu, au preg\u0103tit dou\u0103 cadouri muzicale pentru cele mai iubite fiin\u021be din via\u021ba lor \u2013 MAMELE - Liceul de Muzic\u0103 &quot;Tudor Jarda&quot;<\/title>\n<meta name=\"robots\" content=\"index, follow, max-snippet:-1, max-image-preview:large, max-video-preview:-1\" \/>\n<link rel=\"canonical\" href=\"https:\/\/lmtj.ro\/?p=7272\" \/>\n<meta property=\"og:locale\" content=\"ro_RO\" \/>\n<meta property=\"og:type\" content=\"article\" \/>\n<meta property=\"og:title\" content=\"Cu emo\u021bie \u00een glas \u0219i bucurie \u00een suflet, elevii clasei a IV-a, coordona\u021bi de dna \u00eenv. Ionela C\u00e2rcu, au preg\u0103tit dou\u0103 cadouri muzicale pentru cele mai iubite fiin\u021be din via\u021ba lor \u2013 MAMELE - Liceul de Muzic\u0103 &quot;Tudor Jarda&quot;\" \/>\n<meta property=\"og:description\" content=\"Cu emo\u021bie \u00een glas \u0219i bucurie \u00een suflet, elevii clasei a IV-a, coordona\u021bi de dna \u00eenv. Ionela C\u00e2rcu, au preg\u0103tit dou\u0103 cadouri muzicale pentru cele mai iubite fiin\u021be din via\u021ba lor \u2013 MAMELE. Prin c\u00e2ntec, copiii au d\u0103ruit un strop din recuno\u0219tin\u021ba, dragostea \u0219i ging\u0103\u0219ia pe care o poart\u0103 \u00een inimile lor. Fiecare vers a [&hellip;]\" \/>\n<meta property=\"og:url\" content=\"https:\/\/lmtj.ro\/?p=7272\" \/>\n<meta property=\"og:site_name\" content=\"Liceul de Muzic\u0103 &quot;Tudor Jarda&quot;\" \/>\n<meta property=\"article:published_time\" content=\"2026-03-07T06:15:15+00:00\" \/>\n<meta property=\"article:modified_time\" content=\"2026-03-09T06:16:04+00:00\" \/>\n<meta property=\"og:image\" content=\"https:\/\/static.xx.fbcdn.net\/images\/emoji.php\/v9\/t66\/1\/16\/1f493.png\" \/>\n<meta name=\"author\" content=\"Cristi2412\" \/>\n<meta name=\"twitter:card\" content=\"summary_large_image\" \/>\n<meta name=\"twitter:label1\" content=\"Scris de\" \/>\n\t<meta name=\"twitter:data1\" content=\"Cristi2412\" \/>\n\t<meta name=\"twitter:label2\" content=\"Timp estimat pentru citire\" \/>\n\t<meta name=\"twitter:data2\" content=\"1 minut\" \/>\n<script type=\"application\/ld+json\" class=\"yoast-schema-graph\">{\"@context\":\"https:\/\/schema.org\",\"@graph\":[{\"@type\":\"Article\",\"@id\":\"https:\/\/lmtj.ro\/?p=7272#article\",\"isPartOf\":{\"@id\":\"https:\/\/lmtj.ro\/?p=7272\"},\"author\":{\"name\":\"Cristi2412\",\"@id\":\"https:\/\/lmtj.ro\/#\/schema\/person\/251f53cc7f78c47b51b96b6b67ce1dd9\"},\"headline\":\"Cu emo\u021bie \u00een glas \u0219i bucurie \u00een suflet, elevii clasei a IV-a, coordona\u021bi de dna \u00eenv. Ionela C\u00e2rcu, au preg\u0103tit dou\u0103 cadouri muzicale pentru cele mai iubite fiin\u021be din via\u021ba lor \u2013 MAMELE\",\"datePublished\":\"2026-03-07T06:15:15+00:00\",\"dateModified\":\"2026-03-09T06:16:04+00:00\",\"mainEntityOfPage\":{\"@id\":\"https:\/\/lmtj.ro\/?p=7272\"},\"wordCount\":171,\"commentCount\":0,\"publisher\":{\"@id\":\"https:\/\/lmtj.ro\/#organization\"},\"image\":{\"@id\":\"https:\/\/lmtj.ro\/?p=7272#primaryimage\"},\"thumbnailUrl\":\"https:\/\/static.xx.fbcdn.net\/images\/emoji.php\/v9\/t66\/1\/16\/1f493.png\",\"articleSection\":[\"General\"],\"inLanguage\":\"ro-RO\",\"potentialAction\":[{\"@type\":\"CommentAction\",\"name\":\"Comment\",\"target\":[\"https:\/\/lmtj.ro\/?p=7272#respond\"]}]},{\"@type\":\"WebPage\",\"@id\":\"https:\/\/lmtj.ro\/?p=7272\",\"url\":\"https:\/\/lmtj.ro\/?p=7272\",\"name\":\"Cu emo\u021bie \u00een glas \u0219i bucurie \u00een suflet, elevii clasei a IV-a, coordona\u021bi de dna \u00eenv. Ionela C\u00e2rcu, au preg\u0103tit dou\u0103 cadouri muzicale pentru cele mai iubite fiin\u021be din via\u021ba lor \u2013 MAMELE - Liceul de Muzic\u0103 &quot;Tudor Jarda&quot;\",\"isPartOf\":{\"@id\":\"https:\/\/lmtj.ro\/#website\"},\"primaryImageOfPage\":{\"@id\":\"https:\/\/lmtj.ro\/?p=7272#primaryimage\"},\"image\":{\"@id\":\"https:\/\/lmtj.ro\/?p=7272#primaryimage\"},\"thumbnailUrl\":\"https:\/\/static.xx.fbcdn.net\/images\/emoji.php\/v9\/t66\/1\/16\/1f493.png\",\"datePublished\":\"2026-03-07T06:15:15+00:00\",\"dateModified\":\"2026-03-09T06:16:04+00:00\",\"breadcrumb\":{\"@id\":\"https:\/\/lmtj.ro\/?p=7272#breadcrumb\"},\"inLanguage\":\"ro-RO\",\"potentialAction\":[{\"@type\":\"ReadAction\",\"target\":[\"https:\/\/lmtj.ro\/?p=7272\"]}]},{\"@type\":\"ImageObject\",\"inLanguage\":\"ro-RO\",\"@id\":\"https:\/\/lmtj.ro\/?p=7272#primaryimage\",\"url\":\"https:\/\/static.xx.fbcdn.net\/images\/emoji.php\/v9\/t66\/1\/16\/1f493.png\",\"contentUrl\":\"https:\/\/static.xx.fbcdn.net\/images\/emoji.php\/v9\/t66\/1\/16\/1f493.png\"},{\"@type\":\"BreadcrumbList\",\"@id\":\"https:\/\/lmtj.ro\/?p=7272#breadcrumb\",\"itemListElement\":[{\"@type\":\"ListItem\",\"position\":1,\"name\":\"Prima pagin\u0103\",\"item\":\"https:\/\/lmtj.ro\/\"},{\"@type\":\"ListItem\",\"position\":2,\"name\":\"Cu emo\u021bie \u00een glas \u0219i bucurie \u00een suflet, elevii clasei a IV-a, coordona\u021bi de dna \u00eenv. Ionela C\u00e2rcu, au preg\u0103tit dou\u0103 cadouri muzicale pentru cele mai iubite fiin\u021be din via\u021ba lor \u2013 MAMELE\"}]},{\"@type\":\"WebSite\",\"@id\":\"https:\/\/lmtj.ro\/#website\",\"url\":\"https:\/\/lmtj.ro\/\",\"name\":\"Liceul de Muzic\u0103 &quot;Tudor Jarda&quot;\",\"description\":\"Liceul de Muzic\u0103 &quot;Tudor Jarda&quot;\",\"publisher\":{\"@id\":\"https:\/\/lmtj.ro\/#organization\"},\"potentialAction\":[{\"@type\":\"SearchAction\",\"target\":{\"@type\":\"EntryPoint\",\"urlTemplate\":\"https:\/\/lmtj.ro\/?s={search_term_string}\"},\"query-input\":{\"@type\":\"PropertyValueSpecification\",\"valueRequired\":true,\"valueName\":\"search_term_string\"}}],\"inLanguage\":\"ro-RO\"},{\"@type\":\"Organization\",\"@id\":\"https:\/\/lmtj.ro\/#organization\",\"name\":\"Liceul de Muzic\u0103 &quot;Tudor Jarda&quot;\",\"url\":\"https:\/\/lmtj.ro\/\",\"logo\":{\"@type\":\"ImageObject\",\"inLanguage\":\"ro-RO\",\"@id\":\"https:\/\/lmtj.ro\/#\/schema\/logo\/image\/\",\"url\":\"https:\/\/lmtj.ro\/wp-content\/uploads\/2021\/03\/cropped-logo_no_background-1.png\",\"contentUrl\":\"https:\/\/lmtj.ro\/wp-content\/uploads\/2021\/03\/cropped-logo_no_background-1.png\",\"width\":464,\"height\":464,\"caption\":\"Liceul de Muzic\u0103 &quot;Tudor Jarda&quot;\"},\"image\":{\"@id\":\"https:\/\/lmtj.ro\/#\/schema\/logo\/image\/\"}},{\"@type\":\"Person\",\"@id\":\"https:\/\/lmtj.ro\/#\/schema\/person\/251f53cc7f78c47b51b96b6b67ce1dd9\",\"name\":\"Cristi2412\",\"image\":{\"@type\":\"ImageObject\",\"inLanguage\":\"ro-RO\",\"@id\":\"https:\/\/secure.gravatar.com\/avatar\/1444ab07ba320683ad35d71963c8745f885e8e1ea061ec1d634017c2172341a6?s=96&d=mm&r=g\",\"url\":\"https:\/\/secure.gravatar.com\/avatar\/1444ab07ba320683ad35d71963c8745f885e8e1ea061ec1d634017c2172341a6?s=96&d=mm&r=g\",\"contentUrl\":\"https:\/\/secure.gravatar.com\/avatar\/1444ab07ba320683ad35d71963c8745f885e8e1ea061ec1d634017c2172341a6?s=96&d=mm&r=g\",\"caption\":\"Cristi2412\"},\"sameAs\":[\"https:\/\/lmtj.ro\"],\"url\":\"https:\/\/lmtj.ro\/?author=1\"}]}<\/script>\n<!-- \/ Yoast SEO plugin. -->","yoast_head_json":{"title":"Cu emo\u021bie \u00een glas \u0219i bucurie \u00een suflet, elevii clasei a IV-a, coordona\u021bi de dna \u00eenv. Ionela C\u00e2rcu, au preg\u0103tit dou\u0103 cadouri muzicale pentru cele mai iubite fiin\u021be din via\u021ba lor \u2013 MAMELE - Liceul de Muzic\u0103 &quot;Tudor Jarda&quot;","robots":{"index":"index","follow":"follow","max-snippet":"max-snippet:-1","max-image-preview":"max-image-preview:large","max-video-preview":"max-video-preview:-1"},"canonical":"https:\/\/lmtj.ro\/?p=7272","og_locale":"ro_RO","og_type":"article","og_title":"Cu emo\u021bie \u00een glas \u0219i bucurie \u00een suflet, elevii clasei a IV-a, coordona\u021bi de dna \u00eenv. Ionela C\u00e2rcu, au preg\u0103tit dou\u0103 cadouri muzicale pentru cele mai iubite fiin\u021be din via\u021ba lor \u2013 MAMELE - Liceul de Muzic\u0103 &quot;Tudor Jarda&quot;","og_description":"Cu emo\u021bie \u00een glas \u0219i bucurie \u00een suflet, elevii clasei a IV-a, coordona\u021bi de dna \u00eenv. Ionela C\u00e2rcu, au preg\u0103tit dou\u0103 cadouri muzicale pentru cele mai iubite fiin\u021be din via\u021ba lor \u2013 MAMELE. Prin c\u00e2ntec, copiii au d\u0103ruit un strop din recuno\u0219tin\u021ba, dragostea \u0219i ging\u0103\u0219ia pe care o poart\u0103 \u00een inimile lor. Fiecare vers a [&hellip;]","og_url":"https:\/\/lmtj.ro\/?p=7272","og_site_name":"Liceul de Muzic\u0103 &quot;Tudor Jarda&quot;","article_published_time":"2026-03-07T06:15:15+00:00","article_modified_time":"2026-03-09T06:16:04+00:00","og_image":[{"url":"https:\/\/static.xx.fbcdn.net\/images\/emoji.php\/v9\/t66\/1\/16\/1f493.png","type":"","width":"","height":""}],"author":"Cristi2412","twitter_card":"summary_large_image","twitter_misc":{"Scris de":"Cristi2412","Timp estimat pentru citire":"1 minut"},"schema":{"@context":"https:\/\/schema.org","@graph":[{"@type":"Article","@id":"https:\/\/lmtj.ro\/?p=7272#article","isPartOf":{"@id":"https:\/\/lmtj.ro\/?p=7272"},"author":{"name":"Cristi2412","@id":"https:\/\/lmtj.ro\/#\/schema\/person\/251f53cc7f78c47b51b96b6b67ce1dd9"},"headline":"Cu emo\u021bie \u00een glas \u0219i bucurie \u00een suflet, elevii clasei a IV-a, coordona\u021bi de dna \u00eenv. Ionela C\u00e2rcu, au preg\u0103tit dou\u0103 cadouri muzicale pentru cele mai iubite fiin\u021be din via\u021ba lor \u2013 MAMELE","datePublished":"2026-03-07T06:15:15+00:00","dateModified":"2026-03-09T06:16:04+00:00","mainEntityOfPage":{"@id":"https:\/\/lmtj.ro\/?p=7272"},"wordCount":171,"commentCount":0,"publisher":{"@id":"https:\/\/lmtj.ro\/#organization"},"image":{"@id":"https:\/\/lmtj.ro\/?p=7272#primaryimage"},"thumbnailUrl":"https:\/\/static.xx.fbcdn.net\/images\/emoji.php\/v9\/t66\/1\/16\/1f493.png","articleSection":["General"],"inLanguage":"ro-RO","potentialAction":[{"@type":"CommentAction","name":"Comment","target":["https:\/\/lmtj.ro\/?p=7272#respond"]}]},{"@type":"WebPage","@id":"https:\/\/lmtj.ro\/?p=7272","url":"https:\/\/lmtj.ro\/?p=7272","name":"Cu emo\u021bie \u00een glas \u0219i bucurie \u00een suflet, elevii clasei a IV-a, coordona\u021bi de dna \u00eenv. Ionela C\u00e2rcu, au preg\u0103tit dou\u0103 cadouri muzicale pentru cele mai iubite fiin\u021be din via\u021ba lor \u2013 MAMELE - Liceul de Muzic\u0103 &quot;Tudor Jarda&quot;","isPartOf":{"@id":"https:\/\/lmtj.ro\/#website"},"primaryImageOfPage":{"@id":"https:\/\/lmtj.ro\/?p=7272#primaryimage"},"image":{"@id":"https:\/\/lmtj.ro\/?p=7272#primaryimage"},"thumbnailUrl":"https:\/\/static.xx.fbcdn.net\/images\/emoji.php\/v9\/t66\/1\/16\/1f493.png","datePublished":"2026-03-07T06:15:15+00:00","dateModified":"2026-03-09T06:16:04+00:00","breadcrumb":{"@id":"https:\/\/lmtj.ro\/?p=7272#breadcrumb"},"inLanguage":"ro-RO","potentialAction":[{"@type":"ReadAction","target":["https:\/\/lmtj.ro\/?p=7272"]}]},{"@type":"ImageObject","inLanguage":"ro-RO","@id":"https:\/\/lmtj.ro\/?p=7272#primaryimage","url":"https:\/\/static.xx.fbcdn.net\/images\/emoji.php\/v9\/t66\/1\/16\/1f493.png","contentUrl":"https:\/\/static.xx.fbcdn.net\/images\/emoji.php\/v9\/t66\/1\/16\/1f493.png"},{"@type":"BreadcrumbList","@id":"https:\/\/lmtj.ro\/?p=7272#breadcrumb","itemListElement":[{"@type":"ListItem","position":1,"name":"Prima pagin\u0103","item":"https:\/\/lmtj.ro\/"},{"@type":"ListItem","position":2,"name":"Cu emo\u021bie \u00een glas \u0219i bucurie \u00een suflet, elevii clasei a IV-a, coordona\u021bi de dna \u00eenv. Ionela C\u00e2rcu, au preg\u0103tit dou\u0103 cadouri muzicale pentru cele mai iubite fiin\u021be din via\u021ba lor \u2013 MAMELE"}]},{"@type":"WebSite","@id":"https:\/\/lmtj.ro\/#website","url":"https:\/\/lmtj.ro\/","name":"Liceul de Muzic\u0103 &quot;Tudor Jarda&quot;","description":"Liceul de Muzic\u0103 &quot;Tudor Jarda&quot;","publisher":{"@id":"https:\/\/lmtj.ro\/#organization"},"potentialAction":[{"@type":"SearchAction","target":{"@type":"EntryPoint","urlTemplate":"https:\/\/lmtj.ro\/?s={search_term_string}"},"query-input":{"@type":"PropertyValueSpecification","valueRequired":true,"valueName":"search_term_string"}}],"inLanguage":"ro-RO"},{"@type":"Organization","@id":"https:\/\/lmtj.ro\/#organization","name":"Liceul de Muzic\u0103 &quot;Tudor Jarda&quot;","url":"https:\/\/lmtj.ro\/","logo":{"@type":"ImageObject","inLanguage":"ro-RO","@id":"https:\/\/lmtj.ro\/#\/schema\/logo\/image\/","url":"https:\/\/lmtj.ro\/wp-content\/uploads\/2021\/03\/cropped-logo_no_background-1.png","contentUrl":"https:\/\/lmtj.ro\/wp-content\/uploads\/2021\/03\/cropped-logo_no_background-1.png","width":464,"height":464,"caption":"Liceul de Muzic\u0103 &quot;Tudor Jarda&quot;"},"image":{"@id":"https:\/\/lmtj.ro\/#\/schema\/logo\/image\/"}},{"@type":"Person","@id":"https:\/\/lmtj.ro\/#\/schema\/person\/251f53cc7f78c47b51b96b6b67ce1dd9","name":"Cristi2412","image":{"@type":"ImageObject","inLanguage":"ro-RO","@id":"https:\/\/secure.gravatar.com\/avatar\/1444ab07ba320683ad35d71963c8745f885e8e1ea061ec1d634017c2172341a6?s=96&d=mm&r=g","url":"https:\/\/secure.gravatar.com\/avatar\/1444ab07ba320683ad35d71963c8745f885e8e1ea061ec1d634017c2172341a6?s=96&d=mm&r=g","contentUrl":"https:\/\/secure.gravatar.com\/avatar\/1444ab07ba320683ad35d71963c8745f885e8e1ea061ec1d634017c2172341a6?s=96&d=mm&r=g","caption":"Cristi2412"},"sameAs":["https:\/\/lmtj.ro"],"url":"https:\/\/lmtj.ro\/?author=1"}]}},"_links":{"self":[{"href":"https:\/\/lmtj.ro\/index.php?rest_route=\/wp\/v2\/posts\/7272","targetHints":{"allow":["GET"]}}],"collection":[{"href":"https:\/\/lmtj.ro\/index.php?rest_route=\/wp\/v2\/posts"}],"about":[{"href":"https:\/\/lmtj.ro\/index.php?rest_route=\/wp\/v2\/types\/post"}],"author":[{"embeddable":true,"href":"https:\/\/lmtj.ro\/index.php?rest_route=\/wp\/v2\/users\/1"}],"replies":[{"embeddable":true,"href":"https:\/\/lmtj.ro\/index.php?rest_route=%2Fwp%2Fv2%2Fcomments&post=7272"}],"version-history":[{"count":1,"href":"https:\/\/lmtj.ro\/index.php?rest_route=\/wp\/v2\/posts\/7272\/revisions"}],"predecessor-version":[{"id":7273,"href":"https:\/\/lmtj.ro\/index.php?rest_route=\/wp\/v2\/posts\/7272\/revisions\/7273"}],"wp:attachment":[{"href":"https:\/\/lmtj.ro\/index.php?rest_route=%2Fwp%2Fv2%2Fmedia&parent=7272"}],"wp:term":[{"taxonomy":"category","embeddable":true,"href":"https:\/\/lmtj.ro\/index.php?rest_route=%2Fwp%2Fv2%2Fcategories&post=7272"},{"taxonomy":"post_tag","embeddable":true,"href":"https:\/\/lmtj.ro\/index.php?rest_route=%2Fwp%2Fv2%2Ftags&post=7272"},{"taxonomy":"post_folder","embeddable":true,"href":"https:\/\/lmtj.ro\/index.php?rest_route=%2Fwp%2Fv2%2Fpost_folder&post=7272"}],"curies":[{"name":"wp","href":"https:\/\/api.w.org\/{rel}","templated":true}]}}