{"id":7270,"date":"2026-03-06T06:12:40","date_gmt":"2026-03-06T06:12:40","guid":{"rendered":"https:\/\/lmtj.ro\/?p=7270"},"modified":"2026-03-09T06:14:50","modified_gmt":"2026-03-09T06:14:50","slug":"primavara-a-adus-bucurie-in-sufletele-noastre","status":"publish","type":"post","link":"https:\/\/lmtj.ro\/?p=7270","title":{"rendered":"Prim\u0103vara a adus bucurie \u00een sufletele noastre"},"content":{"rendered":"\n<p>Prim\u0103vara a adus bucurie \u00een sufletele noastre <img decoding=\"async\" height=\"16\" width=\"16\" alt=\"\ud83c\udf3f\" src=\"https:\/\/static.xx.fbcdn.net\/images\/emoji.php\/v9\/t1e\/1\/16\/1f33f.png\"><img decoding=\"async\" height=\"16\" width=\"16\" alt=\"\ud83c\udf38\" src=\"https:\/\/static.xx.fbcdn.net\/images\/emoji.php\/v9\/tf0\/1\/16\/1f338.png\"><\/p>\n\n\n\n<p>\u00cen cadrul parteneriatului educa\u021bional \u201eTradi\u021bii \u0219i obiceiuri pentru suflet\u201d, elevii de la CSEI Nr. 1 Bistri\u021ba \u0219i elevii clasei a XI-a B, de la Liceul de Muzic\u0103 \u201eTudor Jarda\u201d Bistri\u021ba, au participat la \u201eAtelierul de m\u0103r\u021bi\u0219oare pentru mama\u201d, unde au realizat m\u0103r\u021bi\u0219oare lucr\u00e2nd \u00een echipe mixte.<\/p>\n\n\n\n<p>Activitatea a adus colaborare, empatie \u0219i multe z\u00e2mbete, \u00eentr-un spa\u021biu \u00een care fiecare copil a fost \u00eencurajat \u0219i apreciat. <img decoding=\"async\" height=\"16\" width=\"16\" alt=\"\ud83d\udc9b\" src=\"https:\/\/static.xx.fbcdn.net\/images\/emoji.php\/v9\/t15\/1\/16\/1f49b.png\"><\/p>\n\n\n\n<p>Cadre didactice implicate:<\/p>\n\n\n\n<p>Prof. Voivod-Muntean Oana Florina, Prof. Moldovan Claudia, Prof. Semerean Anca, Prof. Bulbuc Oana, Prof. Patco Andreea \u2013 CSEI Nr. 1 Bistri\u021ba<\/p>\n\n\n\n<p>Prof. Flore Ionela \u2013 Liceul de Muzic\u0103 \u201eTudor Jarda\u201d Bistri\u021ba<\/p>\n\n\n\n<p><a href=\"https:\/\/www.facebook.com\/watch\/hashtag\/csei1bistri%C8%9Ba?__eep__=6%2F&amp;__cft__[0]=AZYWvwnwsA7hgr49SRg-Fcy_wma16wkRL7AeQtWEgD7NodVJfyg5AMVEEYKWlQX42XUAn4wjrua4DvfB_qt7bc3vTTS4rXcS1vJsCKjv8GpnyGEK0sPfVZUB2kj-elqUvJS6LgAJWogEg3upKbJP7P8T4A50zyoe2g4gXfBSjVwIYhXXcbmj6-hrIWeucz0qdMpY3vQ0exCoXOQmDRY_dqMa&amp;__tn__=*NK-R\">#CSEI1Bistri\u021ba<\/a><a href=\"https:\/\/www.facebook.com\/watch\/hashtag\/tradi%C8%9Bii%C8%99iobiceiuripentrusuflet?__eep__=6%2F&amp;__cft__[0]=AZYWvwnwsA7hgr49SRg-Fcy_wma16wkRL7AeQtWEgD7NodVJfyg5AMVEEYKWlQX42XUAn4wjrua4DvfB_qt7bc3vTTS4rXcS1vJsCKjv8GpnyGEK0sPfVZUB2kj-elqUvJS6LgAJWogEg3upKbJP7P8T4A50zyoe2g4gXfBSjVwIYhXXcbmj6-hrIWeucz0qdMpY3vQ0exCoXOQmDRY_dqMa&amp;__tn__=*NK-R\">#Tradi\u021bii\u0218iObiceiuriPentruSuflet<\/a><a href=\"https:\/\/www.facebook.com\/watch\/hashtag\/m%C4%83r%C8%9Bi%C8%99or?__eep__=6%2F&amp;__cft__[0]=AZYWvwnwsA7hgr49SRg-Fcy_wma16wkRL7AeQtWEgD7NodVJfyg5AMVEEYKWlQX42XUAn4wjrua4DvfB_qt7bc3vTTS4rXcS1vJsCKjv8GpnyGEK0sPfVZUB2kj-elqUvJS6LgAJWogEg3upKbJP7P8T4A50zyoe2g4gXfBSjVwIYhXXcbmj6-hrIWeucz0qdMpY3vQ0exCoXOQmDRY_dqMa&amp;__tn__=*NK-R\">#M\u0103r\u021bi\u0219or<\/a><a href=\"https:\/\/www.facebook.com\/watch\/hashtag\/incluziune?__eep__=6%2F&amp;__cft__[0]=AZYWvwnwsA7hgr49SRg-Fcy_wma16wkRL7AeQtWEgD7NodVJfyg5AMVEEYKWlQX42XUAn4wjrua4DvfB_qt7bc3vTTS4rXcS1vJsCKjv8GpnyGEK0sPfVZUB2kj-elqUvJS6LgAJWogEg3upKbJP7P8T4A50zyoe2g4gXfBSjVwIYhXXcbmj6-hrIWeucz0qdMpY3vQ0exCoXOQmDRY_dqMa&amp;__tn__=*NK-R\">#Incluziune<\/a><a href=\"https:\/\/www.facebook.com\/watch\/hashtag\/parteneriateduca%C8%9Bional?__eep__=6%2F&amp;__cft__[0]=AZYWvwnwsA7hgr49SRg-Fcy_wma16wkRL7AeQtWEgD7NodVJfyg5AMVEEYKWlQX42XUAn4wjrua4DvfB_qt7bc3vTTS4rXcS1vJsCKjv8GpnyGEK0sPfVZUB2kj-elqUvJS6LgAJWogEg3upKbJP7P8T4A50zyoe2g4gXfBSjVwIYhXXcbmj6-hrIWeucz0qdMpY3vQ0exCoXOQmDRY_dqMa&amp;__tn__=*NK-R\">#ParteneriatEduca\u021bional<\/a><\/p>\n\n\n\n<p><a href=\"https:\/\/www.facebook.com\/reel\/1627380685268941\">https:\/\/www.facebook.com\/reel\/1627380685268941<\/a><\/p>\n","protected":false},"excerpt":{"rendered":"<p>Prim\u0103vara a adus bucurie \u00een sufletele noastre \u00cen cadrul parteneriatului educa\u021bional \u201eTradi\u021bii \u0219i obiceiuri pentru suflet\u201d, elevii de la CSEI Nr. 1 Bistri\u021ba \u0219i elevii clasei a XI-a B, de la Liceul de Muzic\u0103 \u201eTudor Jarda\u201d Bistri\u021ba, au participat la \u201eAtelierul de m\u0103r\u021bi\u0219oare pentru mama\u201d, unde au realizat m\u0103r\u021bi\u0219oare lucr\u00e2nd \u00een echipe mixte. Activitatea a [&hellip;]<\/p>\n","protected":false},"author":1,"featured_media":0,"comment_status":"open","ping_status":"open","sticky":false,"template":"","format":"standard","meta":{"site-sidebar-layout":"default","site-content-layout":"","ast-site-content-layout":"default","site-content-style":"default","site-sidebar-style":"default","ast-global-header-display":"","ast-banner-title-visibility":"","ast-main-header-display":"","ast-hfb-above-header-display":"","ast-hfb-below-header-display":"","ast-hfb-mobile-header-display":"","site-post-title":"","ast-breadcrumbs-content":"","ast-featured-img":"","footer-sml-layout":"","ast-disable-related-posts":"","theme-transparent-header-meta":"","adv-header-id-meta":"","stick-header-meta":"","header-above-stick-meta":"","header-main-stick-meta":"","header-below-stick-meta":"","astra-migrate-meta-layouts":"set","ast-page-background-enabled":"default","ast-page-background-meta":{"desktop":{"background-color":"","background-image":"","background-repeat":"repeat","background-position":"center center","background-size":"auto","background-attachment":"scroll","background-type":"","background-media":"","overlay-type":"","overlay-color":"","overlay-opacity":"","overlay-gradient":""},"tablet":{"background-color":"","background-image":"","background-repeat":"repeat","background-position":"center center","background-size":"auto","background-attachment":"scroll","background-type":"","background-media":"","overlay-type":"","overlay-color":"","overlay-opacity":"","overlay-gradient":""},"mobile":{"background-color":"","background-image":"","background-repeat":"repeat","background-position":"center center","background-size":"auto","background-attachment":"scroll","background-type":"","background-media":"","overlay-type":"","overlay-color":"","overlay-opacity":"","overlay-gradient":""}},"ast-content-background-meta":{"desktop":{"background-color":"var(--ast-global-color-5)","background-image":"","background-repeat":"repeat","background-position":"center center","background-size":"auto","background-attachment":"scroll","background-type":"","background-media":"","overlay-type":"","overlay-color":"","overlay-opacity":"","overlay-gradient":""},"tablet":{"background-color":"var(--ast-global-color-5)","background-image":"","background-repeat":"repeat","background-position":"center center","background-size":"auto","background-attachment":"scroll","background-type":"","background-media":"","overlay-type":"","overlay-color":"","overlay-opacity":"","overlay-gradient":""},"mobile":{"background-color":"var(--ast-global-color-5)","background-image":"","background-repeat":"repeat","background-position":"center center","background-size":"auto","background-attachment":"scroll","background-type":"","background-media":"","overlay-type":"","overlay-color":"","overlay-opacity":"","overlay-gradient":""}},"footnotes":""},"categories":[19],"tags":[],"post_folder":[],"class_list":["post-7270","post","type-post","status-publish","format-standard","hentry","category-general"],"yoast_head":"<!-- This site is optimized with the Yoast SEO plugin v27.2 - https:\/\/yoast.com\/product\/yoast-seo-wordpress\/ -->\n<title>Prim\u0103vara a adus bucurie \u00een sufletele noastre - Liceul de Muzic\u0103 &quot;Tudor Jarda&quot;<\/title>\n<meta name=\"robots\" content=\"index, follow, max-snippet:-1, max-image-preview:large, max-video-preview:-1\" \/>\n<link rel=\"canonical\" href=\"https:\/\/lmtj.ro\/?p=7270\" \/>\n<meta property=\"og:locale\" content=\"ro_RO\" \/>\n<meta property=\"og:type\" content=\"article\" \/>\n<meta property=\"og:title\" content=\"Prim\u0103vara a adus bucurie \u00een sufletele noastre - Liceul de Muzic\u0103 &quot;Tudor Jarda&quot;\" \/>\n<meta property=\"og:description\" content=\"Prim\u0103vara a adus bucurie \u00een sufletele noastre \u00cen cadrul parteneriatului educa\u021bional \u201eTradi\u021bii \u0219i obiceiuri pentru suflet\u201d, elevii de la CSEI Nr. 1 Bistri\u021ba \u0219i elevii clasei a XI-a B, de la Liceul de Muzic\u0103 \u201eTudor Jarda\u201d Bistri\u021ba, au participat la \u201eAtelierul de m\u0103r\u021bi\u0219oare pentru mama\u201d, unde au realizat m\u0103r\u021bi\u0219oare lucr\u00e2nd \u00een echipe mixte. Activitatea a [&hellip;]\" \/>\n<meta property=\"og:url\" content=\"https:\/\/lmtj.ro\/?p=7270\" \/>\n<meta property=\"og:site_name\" content=\"Liceul de Muzic\u0103 &quot;Tudor Jarda&quot;\" \/>\n<meta property=\"article:published_time\" content=\"2026-03-06T06:12:40+00:00\" \/>\n<meta property=\"article:modified_time\" content=\"2026-03-09T06:14:50+00:00\" \/>\n<meta property=\"og:image\" content=\"https:\/\/static.xx.fbcdn.net\/images\/emoji.php\/v9\/t1e\/1\/16\/1f33f.png\" \/>\n<meta name=\"author\" content=\"Cristi2412\" \/>\n<meta name=\"twitter:card\" content=\"summary_large_image\" \/>\n<meta name=\"twitter:label1\" content=\"Scris de\" \/>\n\t<meta name=\"twitter:data1\" content=\"Cristi2412\" \/>\n\t<meta name=\"twitter:label2\" content=\"Timp estimat pentru citire\" \/>\n\t<meta name=\"twitter:data2\" content=\"2 minute\" \/>\n<script type=\"application\/ld+json\" class=\"yoast-schema-graph\">{\"@context\":\"https:\/\/schema.org\",\"@graph\":[{\"@type\":\"Article\",\"@id\":\"https:\/\/lmtj.ro\/?p=7270#article\",\"isPartOf\":{\"@id\":\"https:\/\/lmtj.ro\/?p=7270\"},\"author\":{\"name\":\"Cristi2412\",\"@id\":\"https:\/\/lmtj.ro\/#\/schema\/person\/251f53cc7f78c47b51b96b6b67ce1dd9\"},\"headline\":\"Prim\u0103vara a adus bucurie \u00een sufletele noastre\",\"datePublished\":\"2026-03-06T06:12:40+00:00\",\"dateModified\":\"2026-03-09T06:14:50+00:00\",\"mainEntityOfPage\":{\"@id\":\"https:\/\/lmtj.ro\/?p=7270\"},\"wordCount\":144,\"commentCount\":0,\"publisher\":{\"@id\":\"https:\/\/lmtj.ro\/#organization\"},\"image\":{\"@id\":\"https:\/\/lmtj.ro\/?p=7270#primaryimage\"},\"thumbnailUrl\":\"https:\/\/static.xx.fbcdn.net\/images\/emoji.php\/v9\/t1e\/1\/16\/1f33f.png\",\"articleSection\":[\"General\"],\"inLanguage\":\"ro-RO\",\"potentialAction\":[{\"@type\":\"CommentAction\",\"name\":\"Comment\",\"target\":[\"https:\/\/lmtj.ro\/?p=7270#respond\"]}]},{\"@type\":\"WebPage\",\"@id\":\"https:\/\/lmtj.ro\/?p=7270\",\"url\":\"https:\/\/lmtj.ro\/?p=7270\",\"name\":\"Prim\u0103vara a adus bucurie \u00een sufletele noastre - Liceul de Muzic\u0103 &quot;Tudor Jarda&quot;\",\"isPartOf\":{\"@id\":\"https:\/\/lmtj.ro\/#website\"},\"primaryImageOfPage\":{\"@id\":\"https:\/\/lmtj.ro\/?p=7270#primaryimage\"},\"image\":{\"@id\":\"https:\/\/lmtj.ro\/?p=7270#primaryimage\"},\"thumbnailUrl\":\"https:\/\/static.xx.fbcdn.net\/images\/emoji.php\/v9\/t1e\/1\/16\/1f33f.png\",\"datePublished\":\"2026-03-06T06:12:40+00:00\",\"dateModified\":\"2026-03-09T06:14:50+00:00\",\"breadcrumb\":{\"@id\":\"https:\/\/lmtj.ro\/?p=7270#breadcrumb\"},\"inLanguage\":\"ro-RO\",\"potentialAction\":[{\"@type\":\"ReadAction\",\"target\":[\"https:\/\/lmtj.ro\/?p=7270\"]}]},{\"@type\":\"ImageObject\",\"inLanguage\":\"ro-RO\",\"@id\":\"https:\/\/lmtj.ro\/?p=7270#primaryimage\",\"url\":\"https:\/\/static.xx.fbcdn.net\/images\/emoji.php\/v9\/t1e\/1\/16\/1f33f.png\",\"contentUrl\":\"https:\/\/static.xx.fbcdn.net\/images\/emoji.php\/v9\/t1e\/1\/16\/1f33f.png\"},{\"@type\":\"BreadcrumbList\",\"@id\":\"https:\/\/lmtj.ro\/?p=7270#breadcrumb\",\"itemListElement\":[{\"@type\":\"ListItem\",\"position\":1,\"name\":\"Prima pagin\u0103\",\"item\":\"https:\/\/lmtj.ro\/\"},{\"@type\":\"ListItem\",\"position\":2,\"name\":\"Prim\u0103vara a adus bucurie \u00een sufletele noastre\"}]},{\"@type\":\"WebSite\",\"@id\":\"https:\/\/lmtj.ro\/#website\",\"url\":\"https:\/\/lmtj.ro\/\",\"name\":\"Liceul de Muzic\u0103 &quot;Tudor Jarda&quot;\",\"description\":\"Liceul de Muzic\u0103 &quot;Tudor Jarda&quot;\",\"publisher\":{\"@id\":\"https:\/\/lmtj.ro\/#organization\"},\"potentialAction\":[{\"@type\":\"SearchAction\",\"target\":{\"@type\":\"EntryPoint\",\"urlTemplate\":\"https:\/\/lmtj.ro\/?s={search_term_string}\"},\"query-input\":{\"@type\":\"PropertyValueSpecification\",\"valueRequired\":true,\"valueName\":\"search_term_string\"}}],\"inLanguage\":\"ro-RO\"},{\"@type\":\"Organization\",\"@id\":\"https:\/\/lmtj.ro\/#organization\",\"name\":\"Liceul de Muzic\u0103 &quot;Tudor Jarda&quot;\",\"url\":\"https:\/\/lmtj.ro\/\",\"logo\":{\"@type\":\"ImageObject\",\"inLanguage\":\"ro-RO\",\"@id\":\"https:\/\/lmtj.ro\/#\/schema\/logo\/image\/\",\"url\":\"https:\/\/lmtj.ro\/wp-content\/uploads\/2021\/03\/cropped-logo_no_background-1.png\",\"contentUrl\":\"https:\/\/lmtj.ro\/wp-content\/uploads\/2021\/03\/cropped-logo_no_background-1.png\",\"width\":464,\"height\":464,\"caption\":\"Liceul de Muzic\u0103 &quot;Tudor Jarda&quot;\"},\"image\":{\"@id\":\"https:\/\/lmtj.ro\/#\/schema\/logo\/image\/\"}},{\"@type\":\"Person\",\"@id\":\"https:\/\/lmtj.ro\/#\/schema\/person\/251f53cc7f78c47b51b96b6b67ce1dd9\",\"name\":\"Cristi2412\",\"image\":{\"@type\":\"ImageObject\",\"inLanguage\":\"ro-RO\",\"@id\":\"https:\/\/secure.gravatar.com\/avatar\/1444ab07ba320683ad35d71963c8745f885e8e1ea061ec1d634017c2172341a6?s=96&d=mm&r=g\",\"url\":\"https:\/\/secure.gravatar.com\/avatar\/1444ab07ba320683ad35d71963c8745f885e8e1ea061ec1d634017c2172341a6?s=96&d=mm&r=g\",\"contentUrl\":\"https:\/\/secure.gravatar.com\/avatar\/1444ab07ba320683ad35d71963c8745f885e8e1ea061ec1d634017c2172341a6?s=96&d=mm&r=g\",\"caption\":\"Cristi2412\"},\"sameAs\":[\"https:\/\/lmtj.ro\"],\"url\":\"https:\/\/lmtj.ro\/?author=1\"}]}<\/script>\n<!-- \/ Yoast SEO plugin. -->","yoast_head_json":{"title":"Prim\u0103vara a adus bucurie \u00een sufletele noastre - Liceul de Muzic\u0103 &quot;Tudor Jarda&quot;","robots":{"index":"index","follow":"follow","max-snippet":"max-snippet:-1","max-image-preview":"max-image-preview:large","max-video-preview":"max-video-preview:-1"},"canonical":"https:\/\/lmtj.ro\/?p=7270","og_locale":"ro_RO","og_type":"article","og_title":"Prim\u0103vara a adus bucurie \u00een sufletele noastre - Liceul de Muzic\u0103 &quot;Tudor Jarda&quot;","og_description":"Prim\u0103vara a adus bucurie \u00een sufletele noastre \u00cen cadrul parteneriatului educa\u021bional \u201eTradi\u021bii \u0219i obiceiuri pentru suflet\u201d, elevii de la CSEI Nr. 1 Bistri\u021ba \u0219i elevii clasei a XI-a B, de la Liceul de Muzic\u0103 \u201eTudor Jarda\u201d Bistri\u021ba, au participat la \u201eAtelierul de m\u0103r\u021bi\u0219oare pentru mama\u201d, unde au realizat m\u0103r\u021bi\u0219oare lucr\u00e2nd \u00een echipe mixte. Activitatea a [&hellip;]","og_url":"https:\/\/lmtj.ro\/?p=7270","og_site_name":"Liceul de Muzic\u0103 &quot;Tudor Jarda&quot;","article_published_time":"2026-03-06T06:12:40+00:00","article_modified_time":"2026-03-09T06:14:50+00:00","og_image":[{"url":"https:\/\/static.xx.fbcdn.net\/images\/emoji.php\/v9\/t1e\/1\/16\/1f33f.png","type":"","width":"","height":""}],"author":"Cristi2412","twitter_card":"summary_large_image","twitter_misc":{"Scris de":"Cristi2412","Timp estimat pentru citire":"2 minute"},"schema":{"@context":"https:\/\/schema.org","@graph":[{"@type":"Article","@id":"https:\/\/lmtj.ro\/?p=7270#article","isPartOf":{"@id":"https:\/\/lmtj.ro\/?p=7270"},"author":{"name":"Cristi2412","@id":"https:\/\/lmtj.ro\/#\/schema\/person\/251f53cc7f78c47b51b96b6b67ce1dd9"},"headline":"Prim\u0103vara a adus bucurie \u00een sufletele noastre","datePublished":"2026-03-06T06:12:40+00:00","dateModified":"2026-03-09T06:14:50+00:00","mainEntityOfPage":{"@id":"https:\/\/lmtj.ro\/?p=7270"},"wordCount":144,"commentCount":0,"publisher":{"@id":"https:\/\/lmtj.ro\/#organization"},"image":{"@id":"https:\/\/lmtj.ro\/?p=7270#primaryimage"},"thumbnailUrl":"https:\/\/static.xx.fbcdn.net\/images\/emoji.php\/v9\/t1e\/1\/16\/1f33f.png","articleSection":["General"],"inLanguage":"ro-RO","potentialAction":[{"@type":"CommentAction","name":"Comment","target":["https:\/\/lmtj.ro\/?p=7270#respond"]}]},{"@type":"WebPage","@id":"https:\/\/lmtj.ro\/?p=7270","url":"https:\/\/lmtj.ro\/?p=7270","name":"Prim\u0103vara a adus bucurie \u00een sufletele noastre - Liceul de Muzic\u0103 &quot;Tudor Jarda&quot;","isPartOf":{"@id":"https:\/\/lmtj.ro\/#website"},"primaryImageOfPage":{"@id":"https:\/\/lmtj.ro\/?p=7270#primaryimage"},"image":{"@id":"https:\/\/lmtj.ro\/?p=7270#primaryimage"},"thumbnailUrl":"https:\/\/static.xx.fbcdn.net\/images\/emoji.php\/v9\/t1e\/1\/16\/1f33f.png","datePublished":"2026-03-06T06:12:40+00:00","dateModified":"2026-03-09T06:14:50+00:00","breadcrumb":{"@id":"https:\/\/lmtj.ro\/?p=7270#breadcrumb"},"inLanguage":"ro-RO","potentialAction":[{"@type":"ReadAction","target":["https:\/\/lmtj.ro\/?p=7270"]}]},{"@type":"ImageObject","inLanguage":"ro-RO","@id":"https:\/\/lmtj.ro\/?p=7270#primaryimage","url":"https:\/\/static.xx.fbcdn.net\/images\/emoji.php\/v9\/t1e\/1\/16\/1f33f.png","contentUrl":"https:\/\/static.xx.fbcdn.net\/images\/emoji.php\/v9\/t1e\/1\/16\/1f33f.png"},{"@type":"BreadcrumbList","@id":"https:\/\/lmtj.ro\/?p=7270#breadcrumb","itemListElement":[{"@type":"ListItem","position":1,"name":"Prima pagin\u0103","item":"https:\/\/lmtj.ro\/"},{"@type":"ListItem","position":2,"name":"Prim\u0103vara a adus bucurie \u00een sufletele noastre"}]},{"@type":"WebSite","@id":"https:\/\/lmtj.ro\/#website","url":"https:\/\/lmtj.ro\/","name":"Liceul de Muzic\u0103 &quot;Tudor Jarda&quot;","description":"Liceul de Muzic\u0103 &quot;Tudor Jarda&quot;","publisher":{"@id":"https:\/\/lmtj.ro\/#organization"},"potentialAction":[{"@type":"SearchAction","target":{"@type":"EntryPoint","urlTemplate":"https:\/\/lmtj.ro\/?s={search_term_string}"},"query-input":{"@type":"PropertyValueSpecification","valueRequired":true,"valueName":"search_term_string"}}],"inLanguage":"ro-RO"},{"@type":"Organization","@id":"https:\/\/lmtj.ro\/#organization","name":"Liceul de Muzic\u0103 &quot;Tudor Jarda&quot;","url":"https:\/\/lmtj.ro\/","logo":{"@type":"ImageObject","inLanguage":"ro-RO","@id":"https:\/\/lmtj.ro\/#\/schema\/logo\/image\/","url":"https:\/\/lmtj.ro\/wp-content\/uploads\/2021\/03\/cropped-logo_no_background-1.png","contentUrl":"https:\/\/lmtj.ro\/wp-content\/uploads\/2021\/03\/cropped-logo_no_background-1.png","width":464,"height":464,"caption":"Liceul de Muzic\u0103 &quot;Tudor Jarda&quot;"},"image":{"@id":"https:\/\/lmtj.ro\/#\/schema\/logo\/image\/"}},{"@type":"Person","@id":"https:\/\/lmtj.ro\/#\/schema\/person\/251f53cc7f78c47b51b96b6b67ce1dd9","name":"Cristi2412","image":{"@type":"ImageObject","inLanguage":"ro-RO","@id":"https:\/\/secure.gravatar.com\/avatar\/1444ab07ba320683ad35d71963c8745f885e8e1ea061ec1d634017c2172341a6?s=96&d=mm&r=g","url":"https:\/\/secure.gravatar.com\/avatar\/1444ab07ba320683ad35d71963c8745f885e8e1ea061ec1d634017c2172341a6?s=96&d=mm&r=g","contentUrl":"https:\/\/secure.gravatar.com\/avatar\/1444ab07ba320683ad35d71963c8745f885e8e1ea061ec1d634017c2172341a6?s=96&d=mm&r=g","caption":"Cristi2412"},"sameAs":["https:\/\/lmtj.ro"],"url":"https:\/\/lmtj.ro\/?author=1"}]}},"_links":{"self":[{"href":"https:\/\/lmtj.ro\/index.php?rest_route=\/wp\/v2\/posts\/7270","targetHints":{"allow":["GET"]}}],"collection":[{"href":"https:\/\/lmtj.ro\/index.php?rest_route=\/wp\/v2\/posts"}],"about":[{"href":"https:\/\/lmtj.ro\/index.php?rest_route=\/wp\/v2\/types\/post"}],"author":[{"embeddable":true,"href":"https:\/\/lmtj.ro\/index.php?rest_route=\/wp\/v2\/users\/1"}],"replies":[{"embeddable":true,"href":"https:\/\/lmtj.ro\/index.php?rest_route=%2Fwp%2Fv2%2Fcomments&post=7270"}],"version-history":[{"count":1,"href":"https:\/\/lmtj.ro\/index.php?rest_route=\/wp\/v2\/posts\/7270\/revisions"}],"predecessor-version":[{"id":7271,"href":"https:\/\/lmtj.ro\/index.php?rest_route=\/wp\/v2\/posts\/7270\/revisions\/7271"}],"wp:attachment":[{"href":"https:\/\/lmtj.ro\/index.php?rest_route=%2Fwp%2Fv2%2Fmedia&parent=7270"}],"wp:term":[{"taxonomy":"category","embeddable":true,"href":"https:\/\/lmtj.ro\/index.php?rest_route=%2Fwp%2Fv2%2Fcategories&post=7270"},{"taxonomy":"post_tag","embeddable":true,"href":"https:\/\/lmtj.ro\/index.php?rest_route=%2Fwp%2Fv2%2Ftags&post=7270"},{"taxonomy":"post_folder","embeddable":true,"href":"https:\/\/lmtj.ro\/index.php?rest_route=%2Fwp%2Fv2%2Fpost_folder&post=7270"}],"curies":[{"name":"wp","href":"https:\/\/api.w.org\/{rel}","templated":true}]}}