{"id":7253,"date":"2026-03-05T09:58:21","date_gmt":"2026-03-05T09:58:21","guid":{"rendered":"https:\/\/lmtj.ro\/?p=7253"},"modified":"2026-03-09T06:05:23","modified_gmt":"2026-03-09T06:05:23","slug":"la-liceul-de-muzica-tudor-jarda-poti-alege-sa-studiezi-pedagogia-invatamantului-primar-sau-pedagogia-educatiei-timpurii-si-sa-iti-construiesti-pas-cu-pas-un-drum-profesional-clar-bazat-pe-expe","status":"publish","type":"post","link":"https:\/\/lmtj.ro\/?p=7253","title":{"rendered":"La Liceul de Muzic\u0103 &#8222;Tudor Jarda&#8221;, po\u021bi alege s\u0103 studiezi Pedagogia \u00cenv\u0103\u021b\u0103m\u00e2ntului Primar sau Pedagogia Educa\u021biei Timpurii \u0219i s\u0103 \u00ee\u021bi construie\u0219ti, pas cu pas, un drum profesional clar, bazat pe experien\u021ba lucrului cu copiii."},"content":{"rendered":"\n<p>Manifestare dorin\u021b\u0103:<\/p>\n\n\n\n<p>La Liceul de Muzic\u0103 &#8222;Tudor Jarda&#8221;, po\u021bi alege s\u0103 studiezi Pedagogia \u00cenv\u0103\u021b\u0103m\u00e2ntului Primar sau Pedagogia Educa\u021biei Timpurii \u0219i s\u0103 \u00ee\u021bi construie\u0219ti, pas cu pas, un drum profesional clar, bazat pe experien\u021ba lucrului cu copiii.<\/p>\n\n\n\n<p>Manifestare dorin\u021b\u0103:<\/p>\n\n\n\n<p><a href=\"https:\/\/docs.google.com\/forms\/d\/e\/1FAIpQLScNxG4J7TUEoJ6temHmZ-VB4BZ9IjDdIFbSnUBLyqrcllRILA\/viewform?fbclid=IwY2xjawQWMvVleHRuA2FlbQIxMABicmlkETBmaTNOOWR3Y2JUbVJsR0hMc3J0YwZhcHBfaWQQMjIyMDM5MTc4ODIwMDg5MgABHqb6Vv4KjkecyqLSLKceDAosBpSuqR0WMFnzh3PJw9Qs9_W5JK5GrWD5riKi_aem_OjEawIkJILWVzqBYQY1SQg\">https:\/\/docs.google.com\/forms\/d\/e\/1FAIpQLScNxG4J7TUEoJ6temHmZ-VB4BZ9IjDdIFbSnUBLyqrcllRILA\/viewform?fbclid=IwY2xjawQWMvVleHRuA2FlbQIxMABicmlkETBmaTNOOWR3Y2JUbVJsR0hMc3J0YwZhcHBfaWQQMjIyMDM5MTc4ODIwMDg5MgABHqb6Vv4KjkecyqLSLKceDAosBpSuqR0WMFnzh3PJw9Qs9_W5JK5GrWD5riKi_aem_OjEawIkJILWVzqBYQY1SQg<\/a><\/p>\n","protected":false},"excerpt":{"rendered":"<p>Manifestare dorin\u021b\u0103: La Liceul de Muzic\u0103 &#8222;Tudor Jarda&#8221;, po\u021bi alege s\u0103 studiezi Pedagogia \u00cenv\u0103\u021b\u0103m\u00e2ntului Primar sau Pedagogia Educa\u021biei Timpurii \u0219i s\u0103 \u00ee\u021bi construie\u0219ti, pas cu pas, un drum profesional clar, bazat pe experien\u021ba lucrului cu copiii. Manifestare dorin\u021b\u0103: https:\/\/docs.google.com\/forms\/d\/e\/1FAIpQLScNxG4J7TUEoJ6temHmZ-VB4BZ9IjDdIFbSnUBLyqrcllRILA\/viewform?fbclid=IwY2xjawQWMvVleHRuA2FlbQIxMABicmlkETBmaTNOOWR3Y2JUbVJsR0hMc3J0YwZhcHBfaWQQMjIyMDM5MTc4ODIwMDg5MgABHqb6Vv4KjkecyqLSLKceDAosBpSuqR0WMFnzh3PJw9Qs9_W5JK5GrWD5riKi_aem_OjEawIkJILWVzqBYQY1SQg<\/p>\n","protected":false},"author":1,"featured_media":7255,"comment_status":"open","ping_status":"open","sticky":false,"template":"","format":"standard","meta":{"site-sidebar-layout":"default","site-content-layout":"","ast-site-content-layout":"default","site-content-style":"default","site-sidebar-style":"default","ast-global-header-display":"","ast-banner-title-visibility":"","ast-main-header-display":"","ast-hfb-above-header-display":"","ast-hfb-below-header-display":"","ast-hfb-mobile-header-display":"","site-post-title":"","ast-breadcrumbs-content":"","ast-featured-img":"","footer-sml-layout":"","ast-disable-related-posts":"","theme-transparent-header-meta":"","adv-header-id-meta":"","stick-header-meta":"","header-above-stick-meta":"","header-main-stick-meta":"","header-below-stick-meta":"","astra-migrate-meta-layouts":"set","ast-page-background-enabled":"default","ast-page-background-meta":{"desktop":{"background-color":"","background-image":"","background-repeat":"repeat","background-position":"center center","background-size":"auto","background-attachment":"scroll","background-type":"","background-media":"","overlay-type":"","overlay-color":"","overlay-opacity":"","overlay-gradient":""},"tablet":{"background-color":"","background-image":"","background-repeat":"repeat","background-position":"center center","background-size":"auto","background-attachment":"scroll","background-type":"","background-media":"","overlay-type":"","overlay-color":"","overlay-opacity":"","overlay-gradient":""},"mobile":{"background-color":"","background-image":"","background-repeat":"repeat","background-position":"center center","background-size":"auto","background-attachment":"scroll","background-type":"","background-media":"","overlay-type":"","overlay-color":"","overlay-opacity":"","overlay-gradient":""}},"ast-content-background-meta":{"desktop":{"background-color":"var(--ast-global-color-5)","background-image":"","background-repeat":"repeat","background-position":"center center","background-size":"auto","background-attachment":"scroll","background-type":"","background-media":"","overlay-type":"","overlay-color":"","overlay-opacity":"","overlay-gradient":""},"tablet":{"background-color":"var(--ast-global-color-5)","background-image":"","background-repeat":"repeat","background-position":"center center","background-size":"auto","background-attachment":"scroll","background-type":"","background-media":"","overlay-type":"","overlay-color":"","overlay-opacity":"","overlay-gradient":""},"mobile":{"background-color":"var(--ast-global-color-5)","background-image":"","background-repeat":"repeat","background-position":"center center","background-size":"auto","background-attachment":"scroll","background-type":"","background-media":"","overlay-type":"","overlay-color":"","overlay-opacity":"","overlay-gradient":""}},"footnotes":""},"categories":[19],"tags":[],"post_folder":[],"class_list":["post-7253","post","type-post","status-publish","format-standard","has-post-thumbnail","hentry","category-general"],"yoast_head":"<!-- This site is optimized with the Yoast SEO plugin v27.2 - https:\/\/yoast.com\/product\/yoast-seo-wordpress\/ -->\n<title>La Liceul de Muzic\u0103 &quot;Tudor Jarda&quot;, po\u021bi alege s\u0103 studiezi Pedagogia \u00cenv\u0103\u021b\u0103m\u00e2ntului Primar sau Pedagogia Educa\u021biei Timpurii \u0219i s\u0103 \u00ee\u021bi construie\u0219ti, pas cu pas, un drum profesional clar, bazat pe experien\u021ba lucrului cu copiii. - Liceul de Muzic\u0103 &quot;Tudor Jarda&quot;<\/title>\n<meta name=\"robots\" content=\"index, follow, max-snippet:-1, max-image-preview:large, max-video-preview:-1\" \/>\n<link rel=\"canonical\" href=\"https:\/\/lmtj.ro\/?p=7253\" \/>\n<meta property=\"og:locale\" content=\"ro_RO\" \/>\n<meta property=\"og:type\" content=\"article\" \/>\n<meta property=\"og:title\" content=\"La Liceul de Muzic\u0103 &quot;Tudor Jarda&quot;, po\u021bi alege s\u0103 studiezi Pedagogia \u00cenv\u0103\u021b\u0103m\u00e2ntului Primar sau Pedagogia Educa\u021biei Timpurii \u0219i s\u0103 \u00ee\u021bi construie\u0219ti, pas cu pas, un drum profesional clar, bazat pe experien\u021ba lucrului cu copiii. - Liceul de Muzic\u0103 &quot;Tudor Jarda&quot;\" \/>\n<meta property=\"og:description\" content=\"Manifestare dorin\u021b\u0103: La Liceul de Muzic\u0103 &#8222;Tudor Jarda&#8221;, po\u021bi alege s\u0103 studiezi Pedagogia \u00cenv\u0103\u021b\u0103m\u00e2ntului Primar sau Pedagogia Educa\u021biei Timpurii \u0219i s\u0103 \u00ee\u021bi construie\u0219ti, pas cu pas, un drum profesional clar, bazat pe experien\u021ba lucrului cu copiii. Manifestare dorin\u021b\u0103: https:\/\/docs.google.com\/forms\/d\/e\/1FAIpQLScNxG4J7TUEoJ6temHmZ-VB4BZ9IjDdIFbSnUBLyqrcllRILA\/viewform?fbclid=IwY2xjawQWMvVleHRuA2FlbQIxMABicmlkETBmaTNOOWR3Y2JUbVJsR0hMc3J0YwZhcHBfaWQQMjIyMDM5MTc4ODIwMDg5MgABHqb6Vv4KjkecyqLSLKceDAosBpSuqR0WMFnzh3PJw9Qs9_W5JK5GrWD5riKi_aem_OjEawIkJILWVzqBYQY1SQg\" \/>\n<meta property=\"og:url\" content=\"https:\/\/lmtj.ro\/?p=7253\" \/>\n<meta property=\"og:site_name\" content=\"Liceul de Muzic\u0103 &quot;Tudor Jarda&quot;\" \/>\n<meta property=\"article:published_time\" content=\"2026-03-05T09:58:21+00:00\" \/>\n<meta property=\"article:modified_time\" content=\"2026-03-09T06:05:23+00:00\" \/>\n<meta property=\"og:image\" content=\"https:\/\/lmtj.ro\/wp-content\/uploads\/2026\/03\/647574873_1458981459572261_7116977676801440923_n.jpg\" \/>\n\t<meta property=\"og:image:width\" content=\"1324\" \/>\n\t<meta property=\"og:image:height\" content=\"1992\" \/>\n\t<meta property=\"og:image:type\" content=\"image\/jpeg\" \/>\n<meta name=\"author\" content=\"Cristi2412\" \/>\n<meta name=\"twitter:card\" content=\"summary_large_image\" \/>\n<meta name=\"twitter:label1\" content=\"Scris de\" \/>\n\t<meta name=\"twitter:data1\" content=\"Cristi2412\" \/>\n\t<meta name=\"twitter:label2\" content=\"Timp estimat pentru citire\" \/>\n\t<meta name=\"twitter:data2\" content=\"1 minut\" \/>\n<script type=\"application\/ld+json\" class=\"yoast-schema-graph\">{\"@context\":\"https:\/\/schema.org\",\"@graph\":[{\"@type\":\"Article\",\"@id\":\"https:\/\/lmtj.ro\/?p=7253#article\",\"isPartOf\":{\"@id\":\"https:\/\/lmtj.ro\/?p=7253\"},\"author\":{\"name\":\"Cristi2412\",\"@id\":\"https:\/\/lmtj.ro\/#\/schema\/person\/251f53cc7f78c47b51b96b6b67ce1dd9\"},\"headline\":\"La Liceul de Muzic\u0103 &#8222;Tudor Jarda&#8221;, po\u021bi alege s\u0103 studiezi Pedagogia \u00cenv\u0103\u021b\u0103m\u00e2ntului Primar sau Pedagogia Educa\u021biei Timpurii \u0219i s\u0103 \u00ee\u021bi construie\u0219ti, pas cu pas, un drum profesional clar, bazat pe experien\u021ba lucrului cu copiii.\",\"datePublished\":\"2026-03-05T09:58:21+00:00\",\"dateModified\":\"2026-03-09T06:05:23+00:00\",\"mainEntityOfPage\":{\"@id\":\"https:\/\/lmtj.ro\/?p=7253\"},\"wordCount\":122,\"commentCount\":0,\"publisher\":{\"@id\":\"https:\/\/lmtj.ro\/#organization\"},\"image\":{\"@id\":\"https:\/\/lmtj.ro\/?p=7253#primaryimage\"},\"thumbnailUrl\":\"https:\/\/lmtj.ro\/wp-content\/uploads\/2026\/03\/647574873_1458981459572261_7116977676801440923_n.jpg\",\"articleSection\":[\"General\"],\"inLanguage\":\"ro-RO\",\"potentialAction\":[{\"@type\":\"CommentAction\",\"name\":\"Comment\",\"target\":[\"https:\/\/lmtj.ro\/?p=7253#respond\"]}]},{\"@type\":\"WebPage\",\"@id\":\"https:\/\/lmtj.ro\/?p=7253\",\"url\":\"https:\/\/lmtj.ro\/?p=7253\",\"name\":\"La Liceul de Muzic\u0103 \\\"Tudor Jarda\\\", po\u021bi alege s\u0103 studiezi Pedagogia \u00cenv\u0103\u021b\u0103m\u00e2ntului Primar sau Pedagogia Educa\u021biei Timpurii \u0219i s\u0103 \u00ee\u021bi construie\u0219ti, pas cu pas, un drum profesional clar, bazat pe experien\u021ba lucrului cu copiii. - Liceul de Muzic\u0103 &quot;Tudor Jarda&quot;\",\"isPartOf\":{\"@id\":\"https:\/\/lmtj.ro\/#website\"},\"primaryImageOfPage\":{\"@id\":\"https:\/\/lmtj.ro\/?p=7253#primaryimage\"},\"image\":{\"@id\":\"https:\/\/lmtj.ro\/?p=7253#primaryimage\"},\"thumbnailUrl\":\"https:\/\/lmtj.ro\/wp-content\/uploads\/2026\/03\/647574873_1458981459572261_7116977676801440923_n.jpg\",\"datePublished\":\"2026-03-05T09:58:21+00:00\",\"dateModified\":\"2026-03-09T06:05:23+00:00\",\"breadcrumb\":{\"@id\":\"https:\/\/lmtj.ro\/?p=7253#breadcrumb\"},\"inLanguage\":\"ro-RO\",\"potentialAction\":[{\"@type\":\"ReadAction\",\"target\":[\"https:\/\/lmtj.ro\/?p=7253\"]}]},{\"@type\":\"ImageObject\",\"inLanguage\":\"ro-RO\",\"@id\":\"https:\/\/lmtj.ro\/?p=7253#primaryimage\",\"url\":\"https:\/\/lmtj.ro\/wp-content\/uploads\/2026\/03\/647574873_1458981459572261_7116977676801440923_n.jpg\",\"contentUrl\":\"https:\/\/lmtj.ro\/wp-content\/uploads\/2026\/03\/647574873_1458981459572261_7116977676801440923_n.jpg\",\"width\":1324,\"height\":1992},{\"@type\":\"BreadcrumbList\",\"@id\":\"https:\/\/lmtj.ro\/?p=7253#breadcrumb\",\"itemListElement\":[{\"@type\":\"ListItem\",\"position\":1,\"name\":\"Prima pagin\u0103\",\"item\":\"https:\/\/lmtj.ro\/\"},{\"@type\":\"ListItem\",\"position\":2,\"name\":\"La Liceul de Muzic\u0103 &#8222;Tudor Jarda&#8221;, po\u021bi alege s\u0103 studiezi Pedagogia \u00cenv\u0103\u021b\u0103m\u00e2ntului Primar sau Pedagogia Educa\u021biei Timpurii \u0219i s\u0103 \u00ee\u021bi construie\u0219ti, pas cu pas, un drum profesional clar, bazat pe experien\u021ba lucrului cu copiii.\"}]},{\"@type\":\"WebSite\",\"@id\":\"https:\/\/lmtj.ro\/#website\",\"url\":\"https:\/\/lmtj.ro\/\",\"name\":\"Liceul de Muzic\u0103 &quot;Tudor Jarda&quot;\",\"description\":\"Liceul de Muzic\u0103 &quot;Tudor Jarda&quot;\",\"publisher\":{\"@id\":\"https:\/\/lmtj.ro\/#organization\"},\"potentialAction\":[{\"@type\":\"SearchAction\",\"target\":{\"@type\":\"EntryPoint\",\"urlTemplate\":\"https:\/\/lmtj.ro\/?s={search_term_string}\"},\"query-input\":{\"@type\":\"PropertyValueSpecification\",\"valueRequired\":true,\"valueName\":\"search_term_string\"}}],\"inLanguage\":\"ro-RO\"},{\"@type\":\"Organization\",\"@id\":\"https:\/\/lmtj.ro\/#organization\",\"name\":\"Liceul de Muzic\u0103 &quot;Tudor Jarda&quot;\",\"url\":\"https:\/\/lmtj.ro\/\",\"logo\":{\"@type\":\"ImageObject\",\"inLanguage\":\"ro-RO\",\"@id\":\"https:\/\/lmtj.ro\/#\/schema\/logo\/image\/\",\"url\":\"https:\/\/lmtj.ro\/wp-content\/uploads\/2021\/03\/cropped-logo_no_background-1.png\",\"contentUrl\":\"https:\/\/lmtj.ro\/wp-content\/uploads\/2021\/03\/cropped-logo_no_background-1.png\",\"width\":464,\"height\":464,\"caption\":\"Liceul de Muzic\u0103 &quot;Tudor Jarda&quot;\"},\"image\":{\"@id\":\"https:\/\/lmtj.ro\/#\/schema\/logo\/image\/\"}},{\"@type\":\"Person\",\"@id\":\"https:\/\/lmtj.ro\/#\/schema\/person\/251f53cc7f78c47b51b96b6b67ce1dd9\",\"name\":\"Cristi2412\",\"image\":{\"@type\":\"ImageObject\",\"inLanguage\":\"ro-RO\",\"@id\":\"https:\/\/secure.gravatar.com\/avatar\/1444ab07ba320683ad35d71963c8745f885e8e1ea061ec1d634017c2172341a6?s=96&d=mm&r=g\",\"url\":\"https:\/\/secure.gravatar.com\/avatar\/1444ab07ba320683ad35d71963c8745f885e8e1ea061ec1d634017c2172341a6?s=96&d=mm&r=g\",\"contentUrl\":\"https:\/\/secure.gravatar.com\/avatar\/1444ab07ba320683ad35d71963c8745f885e8e1ea061ec1d634017c2172341a6?s=96&d=mm&r=g\",\"caption\":\"Cristi2412\"},\"sameAs\":[\"https:\/\/lmtj.ro\"],\"url\":\"https:\/\/lmtj.ro\/?author=1\"}]}<\/script>\n<!-- \/ Yoast SEO plugin. -->","yoast_head_json":{"title":"La Liceul de Muzic\u0103 \"Tudor Jarda\", po\u021bi alege s\u0103 studiezi Pedagogia \u00cenv\u0103\u021b\u0103m\u00e2ntului Primar sau Pedagogia Educa\u021biei Timpurii \u0219i s\u0103 \u00ee\u021bi construie\u0219ti, pas cu pas, un drum profesional clar, bazat pe experien\u021ba lucrului cu copiii. - Liceul de Muzic\u0103 &quot;Tudor Jarda&quot;","robots":{"index":"index","follow":"follow","max-snippet":"max-snippet:-1","max-image-preview":"max-image-preview:large","max-video-preview":"max-video-preview:-1"},"canonical":"https:\/\/lmtj.ro\/?p=7253","og_locale":"ro_RO","og_type":"article","og_title":"La Liceul de Muzic\u0103 \"Tudor Jarda\", po\u021bi alege s\u0103 studiezi Pedagogia \u00cenv\u0103\u021b\u0103m\u00e2ntului Primar sau Pedagogia Educa\u021biei Timpurii \u0219i s\u0103 \u00ee\u021bi construie\u0219ti, pas cu pas, un drum profesional clar, bazat pe experien\u021ba lucrului cu copiii. - Liceul de Muzic\u0103 &quot;Tudor Jarda&quot;","og_description":"Manifestare dorin\u021b\u0103: La Liceul de Muzic\u0103 &#8222;Tudor Jarda&#8221;, po\u021bi alege s\u0103 studiezi Pedagogia \u00cenv\u0103\u021b\u0103m\u00e2ntului Primar sau Pedagogia Educa\u021biei Timpurii \u0219i s\u0103 \u00ee\u021bi construie\u0219ti, pas cu pas, un drum profesional clar, bazat pe experien\u021ba lucrului cu copiii. Manifestare dorin\u021b\u0103: https:\/\/docs.google.com\/forms\/d\/e\/1FAIpQLScNxG4J7TUEoJ6temHmZ-VB4BZ9IjDdIFbSnUBLyqrcllRILA\/viewform?fbclid=IwY2xjawQWMvVleHRuA2FlbQIxMABicmlkETBmaTNOOWR3Y2JUbVJsR0hMc3J0YwZhcHBfaWQQMjIyMDM5MTc4ODIwMDg5MgABHqb6Vv4KjkecyqLSLKceDAosBpSuqR0WMFnzh3PJw9Qs9_W5JK5GrWD5riKi_aem_OjEawIkJILWVzqBYQY1SQg","og_url":"https:\/\/lmtj.ro\/?p=7253","og_site_name":"Liceul de Muzic\u0103 &quot;Tudor Jarda&quot;","article_published_time":"2026-03-05T09:58:21+00:00","article_modified_time":"2026-03-09T06:05:23+00:00","og_image":[{"width":1324,"height":1992,"url":"https:\/\/lmtj.ro\/wp-content\/uploads\/2026\/03\/647574873_1458981459572261_7116977676801440923_n.jpg","type":"image\/jpeg"}],"author":"Cristi2412","twitter_card":"summary_large_image","twitter_misc":{"Scris de":"Cristi2412","Timp estimat pentru citire":"1 minut"},"schema":{"@context":"https:\/\/schema.org","@graph":[{"@type":"Article","@id":"https:\/\/lmtj.ro\/?p=7253#article","isPartOf":{"@id":"https:\/\/lmtj.ro\/?p=7253"},"author":{"name":"Cristi2412","@id":"https:\/\/lmtj.ro\/#\/schema\/person\/251f53cc7f78c47b51b96b6b67ce1dd9"},"headline":"La Liceul de Muzic\u0103 &#8222;Tudor Jarda&#8221;, po\u021bi alege s\u0103 studiezi Pedagogia \u00cenv\u0103\u021b\u0103m\u00e2ntului Primar sau Pedagogia Educa\u021biei Timpurii \u0219i s\u0103 \u00ee\u021bi construie\u0219ti, pas cu pas, un drum profesional clar, bazat pe experien\u021ba lucrului cu copiii.","datePublished":"2026-03-05T09:58:21+00:00","dateModified":"2026-03-09T06:05:23+00:00","mainEntityOfPage":{"@id":"https:\/\/lmtj.ro\/?p=7253"},"wordCount":122,"commentCount":0,"publisher":{"@id":"https:\/\/lmtj.ro\/#organization"},"image":{"@id":"https:\/\/lmtj.ro\/?p=7253#primaryimage"},"thumbnailUrl":"https:\/\/lmtj.ro\/wp-content\/uploads\/2026\/03\/647574873_1458981459572261_7116977676801440923_n.jpg","articleSection":["General"],"inLanguage":"ro-RO","potentialAction":[{"@type":"CommentAction","name":"Comment","target":["https:\/\/lmtj.ro\/?p=7253#respond"]}]},{"@type":"WebPage","@id":"https:\/\/lmtj.ro\/?p=7253","url":"https:\/\/lmtj.ro\/?p=7253","name":"La Liceul de Muzic\u0103 \"Tudor Jarda\", po\u021bi alege s\u0103 studiezi Pedagogia \u00cenv\u0103\u021b\u0103m\u00e2ntului Primar sau Pedagogia Educa\u021biei Timpurii \u0219i s\u0103 \u00ee\u021bi construie\u0219ti, pas cu pas, un drum profesional clar, bazat pe experien\u021ba lucrului cu copiii. - Liceul de Muzic\u0103 &quot;Tudor Jarda&quot;","isPartOf":{"@id":"https:\/\/lmtj.ro\/#website"},"primaryImageOfPage":{"@id":"https:\/\/lmtj.ro\/?p=7253#primaryimage"},"image":{"@id":"https:\/\/lmtj.ro\/?p=7253#primaryimage"},"thumbnailUrl":"https:\/\/lmtj.ro\/wp-content\/uploads\/2026\/03\/647574873_1458981459572261_7116977676801440923_n.jpg","datePublished":"2026-03-05T09:58:21+00:00","dateModified":"2026-03-09T06:05:23+00:00","breadcrumb":{"@id":"https:\/\/lmtj.ro\/?p=7253#breadcrumb"},"inLanguage":"ro-RO","potentialAction":[{"@type":"ReadAction","target":["https:\/\/lmtj.ro\/?p=7253"]}]},{"@type":"ImageObject","inLanguage":"ro-RO","@id":"https:\/\/lmtj.ro\/?p=7253#primaryimage","url":"https:\/\/lmtj.ro\/wp-content\/uploads\/2026\/03\/647574873_1458981459572261_7116977676801440923_n.jpg","contentUrl":"https:\/\/lmtj.ro\/wp-content\/uploads\/2026\/03\/647574873_1458981459572261_7116977676801440923_n.jpg","width":1324,"height":1992},{"@type":"BreadcrumbList","@id":"https:\/\/lmtj.ro\/?p=7253#breadcrumb","itemListElement":[{"@type":"ListItem","position":1,"name":"Prima pagin\u0103","item":"https:\/\/lmtj.ro\/"},{"@type":"ListItem","position":2,"name":"La Liceul de Muzic\u0103 &#8222;Tudor Jarda&#8221;, po\u021bi alege s\u0103 studiezi Pedagogia \u00cenv\u0103\u021b\u0103m\u00e2ntului Primar sau Pedagogia Educa\u021biei Timpurii \u0219i s\u0103 \u00ee\u021bi construie\u0219ti, pas cu pas, un drum profesional clar, bazat pe experien\u021ba lucrului cu copiii."}]},{"@type":"WebSite","@id":"https:\/\/lmtj.ro\/#website","url":"https:\/\/lmtj.ro\/","name":"Liceul de Muzic\u0103 &quot;Tudor Jarda&quot;","description":"Liceul de Muzic\u0103 &quot;Tudor Jarda&quot;","publisher":{"@id":"https:\/\/lmtj.ro\/#organization"},"potentialAction":[{"@type":"SearchAction","target":{"@type":"EntryPoint","urlTemplate":"https:\/\/lmtj.ro\/?s={search_term_string}"},"query-input":{"@type":"PropertyValueSpecification","valueRequired":true,"valueName":"search_term_string"}}],"inLanguage":"ro-RO"},{"@type":"Organization","@id":"https:\/\/lmtj.ro\/#organization","name":"Liceul de Muzic\u0103 &quot;Tudor Jarda&quot;","url":"https:\/\/lmtj.ro\/","logo":{"@type":"ImageObject","inLanguage":"ro-RO","@id":"https:\/\/lmtj.ro\/#\/schema\/logo\/image\/","url":"https:\/\/lmtj.ro\/wp-content\/uploads\/2021\/03\/cropped-logo_no_background-1.png","contentUrl":"https:\/\/lmtj.ro\/wp-content\/uploads\/2021\/03\/cropped-logo_no_background-1.png","width":464,"height":464,"caption":"Liceul de Muzic\u0103 &quot;Tudor Jarda&quot;"},"image":{"@id":"https:\/\/lmtj.ro\/#\/schema\/logo\/image\/"}},{"@type":"Person","@id":"https:\/\/lmtj.ro\/#\/schema\/person\/251f53cc7f78c47b51b96b6b67ce1dd9","name":"Cristi2412","image":{"@type":"ImageObject","inLanguage":"ro-RO","@id":"https:\/\/secure.gravatar.com\/avatar\/1444ab07ba320683ad35d71963c8745f885e8e1ea061ec1d634017c2172341a6?s=96&d=mm&r=g","url":"https:\/\/secure.gravatar.com\/avatar\/1444ab07ba320683ad35d71963c8745f885e8e1ea061ec1d634017c2172341a6?s=96&d=mm&r=g","contentUrl":"https:\/\/secure.gravatar.com\/avatar\/1444ab07ba320683ad35d71963c8745f885e8e1ea061ec1d634017c2172341a6?s=96&d=mm&r=g","caption":"Cristi2412"},"sameAs":["https:\/\/lmtj.ro"],"url":"https:\/\/lmtj.ro\/?author=1"}]}},"_links":{"self":[{"href":"https:\/\/lmtj.ro\/index.php?rest_route=\/wp\/v2\/posts\/7253","targetHints":{"allow":["GET"]}}],"collection":[{"href":"https:\/\/lmtj.ro\/index.php?rest_route=\/wp\/v2\/posts"}],"about":[{"href":"https:\/\/lmtj.ro\/index.php?rest_route=\/wp\/v2\/types\/post"}],"author":[{"embeddable":true,"href":"https:\/\/lmtj.ro\/index.php?rest_route=\/wp\/v2\/users\/1"}],"replies":[{"embeddable":true,"href":"https:\/\/lmtj.ro\/index.php?rest_route=%2Fwp%2Fv2%2Fcomments&post=7253"}],"version-history":[{"count":1,"href":"https:\/\/lmtj.ro\/index.php?rest_route=\/wp\/v2\/posts\/7253\/revisions"}],"predecessor-version":[{"id":7254,"href":"https:\/\/lmtj.ro\/index.php?rest_route=\/wp\/v2\/posts\/7253\/revisions\/7254"}],"wp:featuredmedia":[{"embeddable":true,"href":"https:\/\/lmtj.ro\/index.php?rest_route=\/wp\/v2\/media\/7255"}],"wp:attachment":[{"href":"https:\/\/lmtj.ro\/index.php?rest_route=%2Fwp%2Fv2%2Fmedia&parent=7253"}],"wp:term":[{"taxonomy":"category","embeddable":true,"href":"https:\/\/lmtj.ro\/index.php?rest_route=%2Fwp%2Fv2%2Fcategories&post=7253"},{"taxonomy":"post_tag","embeddable":true,"href":"https:\/\/lmtj.ro\/index.php?rest_route=%2Fwp%2Fv2%2Ftags&post=7253"},{"taxonomy":"post_folder","embeddable":true,"href":"https:\/\/lmtj.ro\/index.php?rest_route=%2Fwp%2Fv2%2Fpost_folder&post=7253"}],"curies":[{"name":"wp","href":"https:\/\/api.w.org\/{rel}","templated":true}]}}