{"id":7237,"date":"2026-03-03T06:10:06","date_gmt":"2026-03-03T06:10:06","guid":{"rendered":"https:\/\/lmtj.ro\/?p=7237"},"modified":"2026-03-04T06:11:32","modified_gmt":"2026-03-04T06:11:32","slug":"seara-magica-la-prima-editie-a-atelierului-chit-chit-pe-portativ","status":"publish","type":"post","link":"https:\/\/lmtj.ro\/?p=7237","title":{"rendered":"Sear\u0103 magic\u0103 la prima edi\u021bie a Atelierului \u201eChi\u021b-chi\u021b pe Portativ\u201d!"},"content":{"rendered":"\n<p>Sear\u0103 magic\u0103 la prima edi\u021bie a Atelierului \u201eChi\u021b-chi\u021b pe Portativ\u201d! <img decoding=\"async\" height=\"16\" width=\"16\" alt=\"\ud83c\udfb6\" src=\"https:\/\/static.xx.fbcdn.net\/images\/emoji.php\/v9\/t1f\/1\/16\/1f3b6.png\"><img decoding=\"async\" height=\"16\" width=\"16\" alt=\"\ud83d\udc93\" src=\"https:\/\/static.xx.fbcdn.net\/images\/emoji.php\/v9\/t66\/1\/16\/1f493.png\"><img decoding=\"async\" height=\"16\" width=\"16\" alt=\"\ud83c\udfb5\" src=\"https:\/\/static.xx.fbcdn.net\/images\/emoji.php\/v9\/t9e\/1\/16\/1f3b5.png\"><img loading=\"lazy\" decoding=\"async\" height=\"16\" width=\"16\" alt=\"\u2764\ufe0f\" src=\"https:\/\/static.xx.fbcdn.net\/images\/emoji.php\/v9\/t6c\/1\/16\/2764.png\"><img loading=\"lazy\" decoding=\"async\" height=\"16\" width=\"16\" alt=\"\ud83c\udfbc\" src=\"https:\/\/static.xx.fbcdn.net\/images\/emoji.php\/v9\/tcc\/1\/16\/1f3bc.png\"><\/p>\n\n\n\n<p>\u200bIeri sear\u0103, Liceul de Muzic\u0103 \u201eTudor Jarda\u201d s-a umplut de z\u00e2mbete, energie \u0219i mult\u0103 voie bun\u0103. Am cunoscut un grup de pre\u0219colari absolut minuna\u021bi, simpatici \u0219i voio\u0219i, dornici s\u0103 descopere tainele muzicii prin joac\u0103 \u0219i distrac\u021bie.<\/p>\n\n\n\n<p>\u200bAtmosfera a fost una cald\u0103 \u0219i prietenoas\u0103, iar Sala \u201eNicolae Bretan\u201d a r\u0103sunat de r\u00e2setele viitorilor arti\u0219ti. Ce am f\u0103cut mai exact?<\/p>\n\n\n\n<p><img loading=\"lazy\" decoding=\"async\" height=\"16\" width=\"16\" alt=\"\u2705\" src=\"https:\/\/static.xx.fbcdn.net\/images\/emoji.php\/v9\/t33\/1\/16\/2705.png\"> Ne-am jucat muzical \u0219i am explorat ritmul<\/p>\n\n\n\n<p><img loading=\"lazy\" decoding=\"async\" height=\"16\" width=\"16\" alt=\"\u2705\" src=\"https:\/\/static.xx.fbcdn.net\/images\/emoji.php\/v9\/t33\/1\/16\/2705.png\"> Am dezvoltat auzul muzical prin activit\u0103\u021bi interactive<\/p>\n\n\n\n<p><img loading=\"lazy\" decoding=\"async\" height=\"16\" width=\"16\" alt=\"\u2705\" src=\"https:\/\/static.xx.fbcdn.net\/images\/emoji.php\/v9\/t33\/1\/16\/2705.png\"> Ne-am bucurat de momente care s-au l\u0103sat cu \u00eembr\u0103\u021bi\u0219\u0103ri \u0219i z\u00e2mbete! <img loading=\"lazy\" decoding=\"async\" height=\"16\" width=\"16\" alt=\"\ud83e\udd17\" src=\"https:\/\/static.xx.fbcdn.net\/images\/emoji.php\/v9\/tb7\/1\/16\/1f917.png\"><\/p>\n\n\n\n<p>\u200bSuntem recunosc\u0103tori pentru entuziasmul celor mici \u0219i pentru \u00eencrederea p\u0103rin\u021bilor. A fost un debut de poveste \u00een lumea muzicii!<\/p>\n\n\n\n<p>\u200b<img loading=\"lazy\" decoding=\"async\" height=\"16\" width=\"16\" alt=\"\u2728\" src=\"https:\/\/static.xx.fbcdn.net\/images\/emoji.php\/v9\/tf4\/1\/16\/2728.png\"> C\u0103l\u0103toria continu\u0103! Ne revedem \u00een luni, la ora 17:30, pentru noi descoperiri muzicale. Verific\u0103 calendarul din afi\u0219 \u0219i hai s\u0103 c\u00e2nt\u0103m, s\u0103 dans\u0103m \u0219i s\u0103 cre\u0103m \u00eempreun\u0103! <img loading=\"lazy\" decoding=\"async\" height=\"16\" width=\"16\" alt=\"\ud83d\udc2d\" src=\"https:\/\/static.xx.fbcdn.net\/images\/emoji.php\/v9\/tbe\/1\/16\/1f42d.png\"><img decoding=\"async\" height=\"16\" width=\"16\" alt=\"\ud83c\udfb5\" src=\"https:\/\/static.xx.fbcdn.net\/images\/emoji.php\/v9\/t9e\/1\/16\/1f3b5.png\"><\/p>\n\n\n\n<p><a href=\"https:\/\/www.facebook.com\/LiceulTudorJarda\/posts\/pfbid0Q1wuGd7PtjZRZPrs8taRzjUVtjFiGwzvaA2BtSne98ffFz86DcGJH5WZZHE8S79Rl\">https:\/\/www.facebook.com\/LiceulTudorJarda\/posts\/pfbid0Q1wuGd7PtjZRZPrs8taRzjUVtjFiGwzvaA2BtSne98ffFz86DcGJH5WZZHE8S79Rl<\/a><\/p>\n","protected":false},"excerpt":{"rendered":"<p>Sear\u0103 magic\u0103 la prima edi\u021bie a Atelierului \u201eChi\u021b-chi\u021b pe Portativ\u201d! \u200bIeri sear\u0103, Liceul de Muzic\u0103 \u201eTudor Jarda\u201d s-a umplut de z\u00e2mbete, energie \u0219i mult\u0103 voie bun\u0103. Am cunoscut un grup de pre\u0219colari absolut minuna\u021bi, simpatici \u0219i voio\u0219i, dornici s\u0103 descopere tainele muzicii prin joac\u0103 \u0219i distrac\u021bie. \u200bAtmosfera a fost una cald\u0103 \u0219i prietenoas\u0103, iar Sala [&hellip;]<\/p>\n","protected":false},"author":1,"featured_media":7238,"comment_status":"open","ping_status":"open","sticky":false,"template":"","format":"standard","meta":{"site-sidebar-layout":"default","site-content-layout":"","ast-site-content-layout":"default","site-content-style":"default","site-sidebar-style":"default","ast-global-header-display":"","ast-banner-title-visibility":"","ast-main-header-display":"","ast-hfb-above-header-display":"","ast-hfb-below-header-display":"","ast-hfb-mobile-header-display":"","site-post-title":"","ast-breadcrumbs-content":"","ast-featured-img":"","footer-sml-layout":"","ast-disable-related-posts":"","theme-transparent-header-meta":"","adv-header-id-meta":"","stick-header-meta":"","header-above-stick-meta":"","header-main-stick-meta":"","header-below-stick-meta":"","astra-migrate-meta-layouts":"set","ast-page-background-enabled":"default","ast-page-background-meta":{"desktop":{"background-color":"","background-image":"","background-repeat":"repeat","background-position":"center center","background-size":"auto","background-attachment":"scroll","background-type":"","background-media":"","overlay-type":"","overlay-color":"","overlay-opacity":"","overlay-gradient":""},"tablet":{"background-color":"","background-image":"","background-repeat":"repeat","background-position":"center center","background-size":"auto","background-attachment":"scroll","background-type":"","background-media":"","overlay-type":"","overlay-color":"","overlay-opacity":"","overlay-gradient":""},"mobile":{"background-color":"","background-image":"","background-repeat":"repeat","background-position":"center center","background-size":"auto","background-attachment":"scroll","background-type":"","background-media":"","overlay-type":"","overlay-color":"","overlay-opacity":"","overlay-gradient":""}},"ast-content-background-meta":{"desktop":{"background-color":"var(--ast-global-color-5)","background-image":"","background-repeat":"repeat","background-position":"center center","background-size":"auto","background-attachment":"scroll","background-type":"","background-media":"","overlay-type":"","overlay-color":"","overlay-opacity":"","overlay-gradient":""},"tablet":{"background-color":"var(--ast-global-color-5)","background-image":"","background-repeat":"repeat","background-position":"center center","background-size":"auto","background-attachment":"scroll","background-type":"","background-media":"","overlay-type":"","overlay-color":"","overlay-opacity":"","overlay-gradient":""},"mobile":{"background-color":"var(--ast-global-color-5)","background-image":"","background-repeat":"repeat","background-position":"center center","background-size":"auto","background-attachment":"scroll","background-type":"","background-media":"","overlay-type":"","overlay-color":"","overlay-opacity":"","overlay-gradient":""}},"footnotes":""},"categories":[19],"tags":[],"post_folder":[],"class_list":["post-7237","post","type-post","status-publish","format-standard","has-post-thumbnail","hentry","category-general"],"yoast_head":"<!-- This site is optimized with the Yoast SEO plugin v27.2 - https:\/\/yoast.com\/product\/yoast-seo-wordpress\/ -->\n<title>Sear\u0103 magic\u0103 la prima edi\u021bie a Atelierului \u201eChi\u021b-chi\u021b pe Portativ\u201d! - Liceul de Muzic\u0103 &quot;Tudor Jarda&quot;<\/title>\n<meta name=\"robots\" content=\"index, follow, max-snippet:-1, max-image-preview:large, max-video-preview:-1\" \/>\n<link rel=\"canonical\" href=\"https:\/\/lmtj.ro\/?p=7237\" \/>\n<meta property=\"og:locale\" content=\"ro_RO\" \/>\n<meta property=\"og:type\" content=\"article\" \/>\n<meta property=\"og:title\" content=\"Sear\u0103 magic\u0103 la prima edi\u021bie a Atelierului \u201eChi\u021b-chi\u021b pe Portativ\u201d! - Liceul de Muzic\u0103 &quot;Tudor Jarda&quot;\" \/>\n<meta property=\"og:description\" content=\"Sear\u0103 magic\u0103 la prima edi\u021bie a Atelierului \u201eChi\u021b-chi\u021b pe Portativ\u201d! \u200bIeri sear\u0103, Liceul de Muzic\u0103 \u201eTudor Jarda\u201d s-a umplut de z\u00e2mbete, energie \u0219i mult\u0103 voie bun\u0103. Am cunoscut un grup de pre\u0219colari absolut minuna\u021bi, simpatici \u0219i voio\u0219i, dornici s\u0103 descopere tainele muzicii prin joac\u0103 \u0219i distrac\u021bie. \u200bAtmosfera a fost una cald\u0103 \u0219i prietenoas\u0103, iar Sala [&hellip;]\" \/>\n<meta property=\"og:url\" content=\"https:\/\/lmtj.ro\/?p=7237\" \/>\n<meta property=\"og:site_name\" content=\"Liceul de Muzic\u0103 &quot;Tudor Jarda&quot;\" \/>\n<meta property=\"article:published_time\" content=\"2026-03-03T06:10:06+00:00\" \/>\n<meta property=\"article:modified_time\" content=\"2026-03-04T06:11:32+00:00\" \/>\n<meta property=\"og:image\" content=\"https:\/\/lmtj.ro\/wp-content\/uploads\/2026\/03\/644241409_1457762073027533_6464769283163568681_n.jpg\" \/>\n\t<meta property=\"og:image:width\" content=\"1448\" \/>\n\t<meta property=\"og:image:height\" content=\"2048\" \/>\n\t<meta property=\"og:image:type\" content=\"image\/jpeg\" \/>\n<meta name=\"author\" content=\"Cristi2412\" \/>\n<meta name=\"twitter:card\" content=\"summary_large_image\" \/>\n<meta name=\"twitter:label1\" content=\"Scris de\" \/>\n\t<meta name=\"twitter:data1\" content=\"Cristi2412\" \/>\n\t<meta name=\"twitter:label2\" content=\"Timp estimat pentru citire\" \/>\n\t<meta name=\"twitter:data2\" content=\"4 minute\" \/>\n<script type=\"application\/ld+json\" class=\"yoast-schema-graph\">{\"@context\":\"https:\/\/schema.org\",\"@graph\":[{\"@type\":\"Article\",\"@id\":\"https:\/\/lmtj.ro\/?p=7237#article\",\"isPartOf\":{\"@id\":\"https:\/\/lmtj.ro\/?p=7237\"},\"author\":{\"name\":\"Cristi2412\",\"@id\":\"https:\/\/lmtj.ro\/#\/schema\/person\/251f53cc7f78c47b51b96b6b67ce1dd9\"},\"headline\":\"Sear\u0103 magic\u0103 la prima edi\u021bie a Atelierului \u201eChi\u021b-chi\u021b pe Portativ\u201d!\",\"datePublished\":\"2026-03-03T06:10:06+00:00\",\"dateModified\":\"2026-03-04T06:11:32+00:00\",\"mainEntityOfPage\":{\"@id\":\"https:\/\/lmtj.ro\/?p=7237\"},\"wordCount\":192,\"commentCount\":0,\"publisher\":{\"@id\":\"https:\/\/lmtj.ro\/#organization\"},\"image\":{\"@id\":\"https:\/\/lmtj.ro\/?p=7237#primaryimage\"},\"thumbnailUrl\":\"https:\/\/lmtj.ro\/wp-content\/uploads\/2026\/03\/644241409_1457762073027533_6464769283163568681_n.jpg\",\"articleSection\":[\"General\"],\"inLanguage\":\"ro-RO\",\"potentialAction\":[{\"@type\":\"CommentAction\",\"name\":\"Comment\",\"target\":[\"https:\/\/lmtj.ro\/?p=7237#respond\"]}]},{\"@type\":\"WebPage\",\"@id\":\"https:\/\/lmtj.ro\/?p=7237\",\"url\":\"https:\/\/lmtj.ro\/?p=7237\",\"name\":\"Sear\u0103 magic\u0103 la prima edi\u021bie a Atelierului \u201eChi\u021b-chi\u021b pe Portativ\u201d! - Liceul de Muzic\u0103 &quot;Tudor Jarda&quot;\",\"isPartOf\":{\"@id\":\"https:\/\/lmtj.ro\/#website\"},\"primaryImageOfPage\":{\"@id\":\"https:\/\/lmtj.ro\/?p=7237#primaryimage\"},\"image\":{\"@id\":\"https:\/\/lmtj.ro\/?p=7237#primaryimage\"},\"thumbnailUrl\":\"https:\/\/lmtj.ro\/wp-content\/uploads\/2026\/03\/644241409_1457762073027533_6464769283163568681_n.jpg\",\"datePublished\":\"2026-03-03T06:10:06+00:00\",\"dateModified\":\"2026-03-04T06:11:32+00:00\",\"breadcrumb\":{\"@id\":\"https:\/\/lmtj.ro\/?p=7237#breadcrumb\"},\"inLanguage\":\"ro-RO\",\"potentialAction\":[{\"@type\":\"ReadAction\",\"target\":[\"https:\/\/lmtj.ro\/?p=7237\"]}]},{\"@type\":\"ImageObject\",\"inLanguage\":\"ro-RO\",\"@id\":\"https:\/\/lmtj.ro\/?p=7237#primaryimage\",\"url\":\"https:\/\/lmtj.ro\/wp-content\/uploads\/2026\/03\/644241409_1457762073027533_6464769283163568681_n.jpg\",\"contentUrl\":\"https:\/\/lmtj.ro\/wp-content\/uploads\/2026\/03\/644241409_1457762073027533_6464769283163568681_n.jpg\",\"width\":1448,\"height\":2048},{\"@type\":\"BreadcrumbList\",\"@id\":\"https:\/\/lmtj.ro\/?p=7237#breadcrumb\",\"itemListElement\":[{\"@type\":\"ListItem\",\"position\":1,\"name\":\"Prima pagin\u0103\",\"item\":\"https:\/\/lmtj.ro\/\"},{\"@type\":\"ListItem\",\"position\":2,\"name\":\"Sear\u0103 magic\u0103 la prima edi\u021bie a Atelierului \u201eChi\u021b-chi\u021b pe Portativ\u201d!\"}]},{\"@type\":\"WebSite\",\"@id\":\"https:\/\/lmtj.ro\/#website\",\"url\":\"https:\/\/lmtj.ro\/\",\"name\":\"Liceul de Muzic\u0103 &quot;Tudor Jarda&quot;\",\"description\":\"Liceul de Muzic\u0103 &quot;Tudor Jarda&quot;\",\"publisher\":{\"@id\":\"https:\/\/lmtj.ro\/#organization\"},\"potentialAction\":[{\"@type\":\"SearchAction\",\"target\":{\"@type\":\"EntryPoint\",\"urlTemplate\":\"https:\/\/lmtj.ro\/?s={search_term_string}\"},\"query-input\":{\"@type\":\"PropertyValueSpecification\",\"valueRequired\":true,\"valueName\":\"search_term_string\"}}],\"inLanguage\":\"ro-RO\"},{\"@type\":\"Organization\",\"@id\":\"https:\/\/lmtj.ro\/#organization\",\"name\":\"Liceul de Muzic\u0103 &quot;Tudor Jarda&quot;\",\"url\":\"https:\/\/lmtj.ro\/\",\"logo\":{\"@type\":\"ImageObject\",\"inLanguage\":\"ro-RO\",\"@id\":\"https:\/\/lmtj.ro\/#\/schema\/logo\/image\/\",\"url\":\"https:\/\/lmtj.ro\/wp-content\/uploads\/2021\/03\/cropped-logo_no_background-1.png\",\"contentUrl\":\"https:\/\/lmtj.ro\/wp-content\/uploads\/2021\/03\/cropped-logo_no_background-1.png\",\"width\":464,\"height\":464,\"caption\":\"Liceul de Muzic\u0103 &quot;Tudor Jarda&quot;\"},\"image\":{\"@id\":\"https:\/\/lmtj.ro\/#\/schema\/logo\/image\/\"}},{\"@type\":\"Person\",\"@id\":\"https:\/\/lmtj.ro\/#\/schema\/person\/251f53cc7f78c47b51b96b6b67ce1dd9\",\"name\":\"Cristi2412\",\"image\":{\"@type\":\"ImageObject\",\"inLanguage\":\"ro-RO\",\"@id\":\"https:\/\/secure.gravatar.com\/avatar\/1444ab07ba320683ad35d71963c8745f885e8e1ea061ec1d634017c2172341a6?s=96&d=mm&r=g\",\"url\":\"https:\/\/secure.gravatar.com\/avatar\/1444ab07ba320683ad35d71963c8745f885e8e1ea061ec1d634017c2172341a6?s=96&d=mm&r=g\",\"contentUrl\":\"https:\/\/secure.gravatar.com\/avatar\/1444ab07ba320683ad35d71963c8745f885e8e1ea061ec1d634017c2172341a6?s=96&d=mm&r=g\",\"caption\":\"Cristi2412\"},\"sameAs\":[\"https:\/\/lmtj.ro\"],\"url\":\"https:\/\/lmtj.ro\/?author=1\"}]}<\/script>\n<!-- \/ Yoast SEO plugin. -->","yoast_head_json":{"title":"Sear\u0103 magic\u0103 la prima edi\u021bie a Atelierului \u201eChi\u021b-chi\u021b pe Portativ\u201d! - Liceul de Muzic\u0103 &quot;Tudor Jarda&quot;","robots":{"index":"index","follow":"follow","max-snippet":"max-snippet:-1","max-image-preview":"max-image-preview:large","max-video-preview":"max-video-preview:-1"},"canonical":"https:\/\/lmtj.ro\/?p=7237","og_locale":"ro_RO","og_type":"article","og_title":"Sear\u0103 magic\u0103 la prima edi\u021bie a Atelierului \u201eChi\u021b-chi\u021b pe Portativ\u201d! - Liceul de Muzic\u0103 &quot;Tudor Jarda&quot;","og_description":"Sear\u0103 magic\u0103 la prima edi\u021bie a Atelierului \u201eChi\u021b-chi\u021b pe Portativ\u201d! \u200bIeri sear\u0103, Liceul de Muzic\u0103 \u201eTudor Jarda\u201d s-a umplut de z\u00e2mbete, energie \u0219i mult\u0103 voie bun\u0103. Am cunoscut un grup de pre\u0219colari absolut minuna\u021bi, simpatici \u0219i voio\u0219i, dornici s\u0103 descopere tainele muzicii prin joac\u0103 \u0219i distrac\u021bie. \u200bAtmosfera a fost una cald\u0103 \u0219i prietenoas\u0103, iar Sala [&hellip;]","og_url":"https:\/\/lmtj.ro\/?p=7237","og_site_name":"Liceul de Muzic\u0103 &quot;Tudor Jarda&quot;","article_published_time":"2026-03-03T06:10:06+00:00","article_modified_time":"2026-03-04T06:11:32+00:00","og_image":[{"width":1448,"height":2048,"url":"https:\/\/lmtj.ro\/wp-content\/uploads\/2026\/03\/644241409_1457762073027533_6464769283163568681_n.jpg","type":"image\/jpeg"}],"author":"Cristi2412","twitter_card":"summary_large_image","twitter_misc":{"Scris de":"Cristi2412","Timp estimat pentru citire":"4 minute"},"schema":{"@context":"https:\/\/schema.org","@graph":[{"@type":"Article","@id":"https:\/\/lmtj.ro\/?p=7237#article","isPartOf":{"@id":"https:\/\/lmtj.ro\/?p=7237"},"author":{"name":"Cristi2412","@id":"https:\/\/lmtj.ro\/#\/schema\/person\/251f53cc7f78c47b51b96b6b67ce1dd9"},"headline":"Sear\u0103 magic\u0103 la prima edi\u021bie a Atelierului \u201eChi\u021b-chi\u021b pe Portativ\u201d!","datePublished":"2026-03-03T06:10:06+00:00","dateModified":"2026-03-04T06:11:32+00:00","mainEntityOfPage":{"@id":"https:\/\/lmtj.ro\/?p=7237"},"wordCount":192,"commentCount":0,"publisher":{"@id":"https:\/\/lmtj.ro\/#organization"},"image":{"@id":"https:\/\/lmtj.ro\/?p=7237#primaryimage"},"thumbnailUrl":"https:\/\/lmtj.ro\/wp-content\/uploads\/2026\/03\/644241409_1457762073027533_6464769283163568681_n.jpg","articleSection":["General"],"inLanguage":"ro-RO","potentialAction":[{"@type":"CommentAction","name":"Comment","target":["https:\/\/lmtj.ro\/?p=7237#respond"]}]},{"@type":"WebPage","@id":"https:\/\/lmtj.ro\/?p=7237","url":"https:\/\/lmtj.ro\/?p=7237","name":"Sear\u0103 magic\u0103 la prima edi\u021bie a Atelierului \u201eChi\u021b-chi\u021b pe Portativ\u201d! - Liceul de Muzic\u0103 &quot;Tudor Jarda&quot;","isPartOf":{"@id":"https:\/\/lmtj.ro\/#website"},"primaryImageOfPage":{"@id":"https:\/\/lmtj.ro\/?p=7237#primaryimage"},"image":{"@id":"https:\/\/lmtj.ro\/?p=7237#primaryimage"},"thumbnailUrl":"https:\/\/lmtj.ro\/wp-content\/uploads\/2026\/03\/644241409_1457762073027533_6464769283163568681_n.jpg","datePublished":"2026-03-03T06:10:06+00:00","dateModified":"2026-03-04T06:11:32+00:00","breadcrumb":{"@id":"https:\/\/lmtj.ro\/?p=7237#breadcrumb"},"inLanguage":"ro-RO","potentialAction":[{"@type":"ReadAction","target":["https:\/\/lmtj.ro\/?p=7237"]}]},{"@type":"ImageObject","inLanguage":"ro-RO","@id":"https:\/\/lmtj.ro\/?p=7237#primaryimage","url":"https:\/\/lmtj.ro\/wp-content\/uploads\/2026\/03\/644241409_1457762073027533_6464769283163568681_n.jpg","contentUrl":"https:\/\/lmtj.ro\/wp-content\/uploads\/2026\/03\/644241409_1457762073027533_6464769283163568681_n.jpg","width":1448,"height":2048},{"@type":"BreadcrumbList","@id":"https:\/\/lmtj.ro\/?p=7237#breadcrumb","itemListElement":[{"@type":"ListItem","position":1,"name":"Prima pagin\u0103","item":"https:\/\/lmtj.ro\/"},{"@type":"ListItem","position":2,"name":"Sear\u0103 magic\u0103 la prima edi\u021bie a Atelierului \u201eChi\u021b-chi\u021b pe Portativ\u201d!"}]},{"@type":"WebSite","@id":"https:\/\/lmtj.ro\/#website","url":"https:\/\/lmtj.ro\/","name":"Liceul de Muzic\u0103 &quot;Tudor Jarda&quot;","description":"Liceul de Muzic\u0103 &quot;Tudor Jarda&quot;","publisher":{"@id":"https:\/\/lmtj.ro\/#organization"},"potentialAction":[{"@type":"SearchAction","target":{"@type":"EntryPoint","urlTemplate":"https:\/\/lmtj.ro\/?s={search_term_string}"},"query-input":{"@type":"PropertyValueSpecification","valueRequired":true,"valueName":"search_term_string"}}],"inLanguage":"ro-RO"},{"@type":"Organization","@id":"https:\/\/lmtj.ro\/#organization","name":"Liceul de Muzic\u0103 &quot;Tudor Jarda&quot;","url":"https:\/\/lmtj.ro\/","logo":{"@type":"ImageObject","inLanguage":"ro-RO","@id":"https:\/\/lmtj.ro\/#\/schema\/logo\/image\/","url":"https:\/\/lmtj.ro\/wp-content\/uploads\/2021\/03\/cropped-logo_no_background-1.png","contentUrl":"https:\/\/lmtj.ro\/wp-content\/uploads\/2021\/03\/cropped-logo_no_background-1.png","width":464,"height":464,"caption":"Liceul de Muzic\u0103 &quot;Tudor Jarda&quot;"},"image":{"@id":"https:\/\/lmtj.ro\/#\/schema\/logo\/image\/"}},{"@type":"Person","@id":"https:\/\/lmtj.ro\/#\/schema\/person\/251f53cc7f78c47b51b96b6b67ce1dd9","name":"Cristi2412","image":{"@type":"ImageObject","inLanguage":"ro-RO","@id":"https:\/\/secure.gravatar.com\/avatar\/1444ab07ba320683ad35d71963c8745f885e8e1ea061ec1d634017c2172341a6?s=96&d=mm&r=g","url":"https:\/\/secure.gravatar.com\/avatar\/1444ab07ba320683ad35d71963c8745f885e8e1ea061ec1d634017c2172341a6?s=96&d=mm&r=g","contentUrl":"https:\/\/secure.gravatar.com\/avatar\/1444ab07ba320683ad35d71963c8745f885e8e1ea061ec1d634017c2172341a6?s=96&d=mm&r=g","caption":"Cristi2412"},"sameAs":["https:\/\/lmtj.ro"],"url":"https:\/\/lmtj.ro\/?author=1"}]}},"_links":{"self":[{"href":"https:\/\/lmtj.ro\/index.php?rest_route=\/wp\/v2\/posts\/7237","targetHints":{"allow":["GET"]}}],"collection":[{"href":"https:\/\/lmtj.ro\/index.php?rest_route=\/wp\/v2\/posts"}],"about":[{"href":"https:\/\/lmtj.ro\/index.php?rest_route=\/wp\/v2\/types\/post"}],"author":[{"embeddable":true,"href":"https:\/\/lmtj.ro\/index.php?rest_route=\/wp\/v2\/users\/1"}],"replies":[{"embeddable":true,"href":"https:\/\/lmtj.ro\/index.php?rest_route=%2Fwp%2Fv2%2Fcomments&post=7237"}],"version-history":[{"count":1,"href":"https:\/\/lmtj.ro\/index.php?rest_route=\/wp\/v2\/posts\/7237\/revisions"}],"predecessor-version":[{"id":7239,"href":"https:\/\/lmtj.ro\/index.php?rest_route=\/wp\/v2\/posts\/7237\/revisions\/7239"}],"wp:featuredmedia":[{"embeddable":true,"href":"https:\/\/lmtj.ro\/index.php?rest_route=\/wp\/v2\/media\/7238"}],"wp:attachment":[{"href":"https:\/\/lmtj.ro\/index.php?rest_route=%2Fwp%2Fv2%2Fmedia&parent=7237"}],"wp:term":[{"taxonomy":"category","embeddable":true,"href":"https:\/\/lmtj.ro\/index.php?rest_route=%2Fwp%2Fv2%2Fcategories&post=7237"},{"taxonomy":"post_tag","embeddable":true,"href":"https:\/\/lmtj.ro\/index.php?rest_route=%2Fwp%2Fv2%2Ftags&post=7237"},{"taxonomy":"post_folder","embeddable":true,"href":"https:\/\/lmtj.ro\/index.php?rest_route=%2Fwp%2Fv2%2Fpost_folder&post=7237"}],"curies":[{"name":"wp","href":"https:\/\/api.w.org\/{rel}","templated":true}]}}