{"id":7234,"date":"2026-03-03T13:47:25","date_gmt":"2026-03-03T13:47:25","guid":{"rendered":"https:\/\/lmtj.ro\/?p=7234"},"modified":"2026-03-03T13:47:26","modified_gmt":"2026-03-03T13:47:26","slug":"ieri-2-martie-sala-festiva-a-liceului-de-muzica-tudor-jarda-din-bistrita-a-fost-gazda-unui-eveniment-deosebit-masterclass-ul-de-pian-sustinut-de-lect-univ-dr-ioana-stanescu-de-la-universita","status":"publish","type":"post","link":"https:\/\/lmtj.ro\/?p=7234","title":{"rendered":"Ieri, 2 martie, Sala Festiv\u0103 a Liceului de Muzic\u0103 &#8222;Tudor Jarda&#8221; din Bistri\u021ba a fost gazda unui eveniment deosebit: Masterclass-ul de Pian sus\u021binut de Lect. Univ. Dr. Ioana St\u0103nescu, de la Universitatea Na\u021bional\u0103 de Arte &#8222;George Enescu&#8221; din Ia\u0219i"},"content":{"rendered":"\n<p>Ieri, 2 martie, Sala Festiv\u0103 a Liceului de Muzic\u0103 &#8222;Tudor Jarda&#8221; din Bistri\u021ba a fost gazda unui eveniment deosebit: Masterclass-ul de Pian sus\u021binut de Lect. Univ. Dr. Ioana St\u0103nescu, de la Universitatea Na\u021bional\u0103 de Arte &#8222;George Enescu&#8221; din Ia\u0219i.<\/p>\n\n\n\n<p>\u200bA fost o zi plin\u0103 de inspira\u021bie, \u00een care elevii no\u0219tri au avut ocazia s\u0103 \u00eenve\u021be de la un profesionist des\u0103v\u00e2r\u0219it, explor\u00e2nd tainele interpret\u0103rii \u0219i tehnicii pianistice. <img decoding=\"async\" height=\"16\" width=\"16\" alt=\"\ud83c\udfb6\" src=\"https:\/\/static.xx.fbcdn.net\/images\/emoji.php\/v9\/t1f\/1\/16\/1f3b6.png\"><img decoding=\"async\" height=\"16\" width=\"16\" alt=\"\u2728\" src=\"https:\/\/static.xx.fbcdn.net\/images\/emoji.php\/v9\/tf4\/1\/16\/2728.png\"><\/p>\n\n\n\n<p>\u200bMul\u021bumim doamnei Lect. Univ. Dr. Ioana St\u0103nescu pentru generozitatea cu care a \u00eemp\u0103rt\u0103\u0219it din experien\u021ba sa, precum \u0219i Asocia\u021biei \u201eArta Clasic\u0103\u201d pentru parteneriat.<\/p>\n\n\n\n<p>\u200bFelicit\u0103ri tuturor elevilor participan\u021bi \u0219i mul\u021bumiri Catedrei de Pian, coordonat\u0103 de Prof. Helga-Melinda Deac, precum \u0219i conducerii liceului, reprezentat\u0103 de Prof. Dragonici Ana-Maria, pentru organizarea acestui moment academic de \u00eenalt\u0103 \u021binut\u0103.<\/p>\n\n\n\n<p>\u200bNe bucur\u0103m s\u0103 sus\u021binem tinerele talente \u00een parcursul lor artistic! <img decoding=\"async\" height=\"16\" width=\"16\" alt=\"\ud83c\udf93\" src=\"https:\/\/static.xx.fbcdn.net\/images\/emoji.php\/v9\/t25\/1\/16\/1f393.png\"><img loading=\"lazy\" decoding=\"async\" height=\"16\" width=\"16\" alt=\"\ud83c\udfb9\" src=\"https:\/\/static.xx.fbcdn.net\/images\/emoji.php\/v9\/ta2\/1\/16\/1f3b9.png\"><\/p>\n","protected":false},"excerpt":{"rendered":"<p>Ieri, 2 martie, Sala Festiv\u0103 a Liceului de Muzic\u0103 &#8222;Tudor Jarda&#8221; din Bistri\u021ba a fost gazda unui eveniment deosebit: Masterclass-ul de Pian sus\u021binut de Lect. Univ. Dr. Ioana St\u0103nescu, de la Universitatea Na\u021bional\u0103 de Arte &#8222;George Enescu&#8221; din Ia\u0219i. \u200bA fost o zi plin\u0103 de inspira\u021bie, \u00een care elevii no\u0219tri au avut ocazia s\u0103 \u00eenve\u021be [&hellip;]<\/p>\n","protected":false},"author":1,"featured_media":7235,"comment_status":"open","ping_status":"open","sticky":false,"template":"","format":"standard","meta":{"site-sidebar-layout":"default","site-content-layout":"","ast-site-content-layout":"default","site-content-style":"default","site-sidebar-style":"default","ast-global-header-display":"","ast-banner-title-visibility":"","ast-main-header-display":"","ast-hfb-above-header-display":"","ast-hfb-below-header-display":"","ast-hfb-mobile-header-display":"","site-post-title":"","ast-breadcrumbs-content":"","ast-featured-img":"","footer-sml-layout":"","ast-disable-related-posts":"","theme-transparent-header-meta":"","adv-header-id-meta":"","stick-header-meta":"","header-above-stick-meta":"","header-main-stick-meta":"","header-below-stick-meta":"","astra-migrate-meta-layouts":"set","ast-page-background-enabled":"default","ast-page-background-meta":{"desktop":{"background-color":"","background-image":"","background-repeat":"repeat","background-position":"center center","background-size":"auto","background-attachment":"scroll","background-type":"","background-media":"","overlay-type":"","overlay-color":"","overlay-opacity":"","overlay-gradient":""},"tablet":{"background-color":"","background-image":"","background-repeat":"repeat","background-position":"center center","background-size":"auto","background-attachment":"scroll","background-type":"","background-media":"","overlay-type":"","overlay-color":"","overlay-opacity":"","overlay-gradient":""},"mobile":{"background-color":"","background-image":"","background-repeat":"repeat","background-position":"center center","background-size":"auto","background-attachment":"scroll","background-type":"","background-media":"","overlay-type":"","overlay-color":"","overlay-opacity":"","overlay-gradient":""}},"ast-content-background-meta":{"desktop":{"background-color":"var(--ast-global-color-5)","background-image":"","background-repeat":"repeat","background-position":"center center","background-size":"auto","background-attachment":"scroll","background-type":"","background-media":"","overlay-type":"","overlay-color":"","overlay-opacity":"","overlay-gradient":""},"tablet":{"background-color":"var(--ast-global-color-5)","background-image":"","background-repeat":"repeat","background-position":"center center","background-size":"auto","background-attachment":"scroll","background-type":"","background-media":"","overlay-type":"","overlay-color":"","overlay-opacity":"","overlay-gradient":""},"mobile":{"background-color":"var(--ast-global-color-5)","background-image":"","background-repeat":"repeat","background-position":"center center","background-size":"auto","background-attachment":"scroll","background-type":"","background-media":"","overlay-type":"","overlay-color":"","overlay-opacity":"","overlay-gradient":""}},"footnotes":""},"categories":[1],"tags":[],"post_folder":[],"class_list":["post-7234","post","type-post","status-publish","format-standard","has-post-thumbnail","hentry","category-uncategorized"],"yoast_head":"<!-- This site is optimized with the Yoast SEO plugin v27.2 - https:\/\/yoast.com\/product\/yoast-seo-wordpress\/ -->\n<title>Ieri, 2 martie, Sala Festiv\u0103 a Liceului de Muzic\u0103 &quot;Tudor Jarda&quot; din Bistri\u021ba a fost gazda unui eveniment deosebit: Masterclass-ul de Pian sus\u021binut de Lect. Univ. Dr. Ioana St\u0103nescu, de la Universitatea Na\u021bional\u0103 de Arte &quot;George Enescu&quot; din Ia\u0219i - Liceul de Muzic\u0103 &quot;Tudor Jarda&quot;<\/title>\n<meta name=\"robots\" content=\"index, follow, max-snippet:-1, max-image-preview:large, max-video-preview:-1\" \/>\n<link rel=\"canonical\" href=\"https:\/\/lmtj.ro\/?p=7234\" \/>\n<meta property=\"og:locale\" content=\"ro_RO\" \/>\n<meta property=\"og:type\" content=\"article\" \/>\n<meta property=\"og:title\" content=\"Ieri, 2 martie, Sala Festiv\u0103 a Liceului de Muzic\u0103 &quot;Tudor Jarda&quot; din Bistri\u021ba a fost gazda unui eveniment deosebit: Masterclass-ul de Pian sus\u021binut de Lect. Univ. Dr. Ioana St\u0103nescu, de la Universitatea Na\u021bional\u0103 de Arte &quot;George Enescu&quot; din Ia\u0219i - Liceul de Muzic\u0103 &quot;Tudor Jarda&quot;\" \/>\n<meta property=\"og:description\" content=\"Ieri, 2 martie, Sala Festiv\u0103 a Liceului de Muzic\u0103 &#8222;Tudor Jarda&#8221; din Bistri\u021ba a fost gazda unui eveniment deosebit: Masterclass-ul de Pian sus\u021binut de Lect. Univ. Dr. Ioana St\u0103nescu, de la Universitatea Na\u021bional\u0103 de Arte &#8222;George Enescu&#8221; din Ia\u0219i. \u200bA fost o zi plin\u0103 de inspira\u021bie, \u00een care elevii no\u0219tri au avut ocazia s\u0103 \u00eenve\u021be [&hellip;]\" \/>\n<meta property=\"og:url\" content=\"https:\/\/lmtj.ro\/?p=7234\" \/>\n<meta property=\"og:site_name\" content=\"Liceul de Muzic\u0103 &quot;Tudor Jarda&quot;\" \/>\n<meta property=\"article:published_time\" content=\"2026-03-03T13:47:25+00:00\" \/>\n<meta property=\"article:modified_time\" content=\"2026-03-03T13:47:26+00:00\" \/>\n<meta property=\"og:image\" content=\"https:\/\/lmtj.ro\/wp-content\/uploads\/2026\/03\/644168486_1456893986447675_2822858384161816318_n.jpg\" \/>\n\t<meta property=\"og:image:width\" content=\"1414\" \/>\n\t<meta property=\"og:image:height\" content=\"2000\" \/>\n\t<meta property=\"og:image:type\" content=\"image\/jpeg\" \/>\n<meta name=\"author\" content=\"Cristi2412\" \/>\n<meta name=\"twitter:card\" content=\"summary_large_image\" \/>\n<meta name=\"twitter:label1\" content=\"Scris de\" \/>\n\t<meta name=\"twitter:data1\" content=\"Cristi2412\" \/>\n\t<meta name=\"twitter:label2\" content=\"Timp estimat pentru citire\" \/>\n\t<meta name=\"twitter:data2\" content=\"2 minute\" \/>\n<script type=\"application\/ld+json\" class=\"yoast-schema-graph\">{\"@context\":\"https:\/\/schema.org\",\"@graph\":[{\"@type\":\"Article\",\"@id\":\"https:\/\/lmtj.ro\/?p=7234#article\",\"isPartOf\":{\"@id\":\"https:\/\/lmtj.ro\/?p=7234\"},\"author\":{\"name\":\"Cristi2412\",\"@id\":\"https:\/\/lmtj.ro\/#\/schema\/person\/251f53cc7f78c47b51b96b6b67ce1dd9\"},\"headline\":\"Ieri, 2 martie, Sala Festiv\u0103 a Liceului de Muzic\u0103 &#8222;Tudor Jarda&#8221; din Bistri\u021ba a fost gazda unui eveniment deosebit: Masterclass-ul de Pian sus\u021binut de Lect. Univ. Dr. Ioana St\u0103nescu, de la Universitatea Na\u021bional\u0103 de Arte &#8222;George Enescu&#8221; din Ia\u0219i\",\"datePublished\":\"2026-03-03T13:47:25+00:00\",\"dateModified\":\"2026-03-03T13:47:26+00:00\",\"mainEntityOfPage\":{\"@id\":\"https:\/\/lmtj.ro\/?p=7234\"},\"wordCount\":196,\"commentCount\":0,\"publisher\":{\"@id\":\"https:\/\/lmtj.ro\/#organization\"},\"image\":{\"@id\":\"https:\/\/lmtj.ro\/?p=7234#primaryimage\"},\"thumbnailUrl\":\"https:\/\/lmtj.ro\/wp-content\/uploads\/2026\/03\/644168486_1456893986447675_2822858384161816318_n.jpg\",\"articleSection\":[\"Uncategorized\"],\"inLanguage\":\"ro-RO\",\"potentialAction\":[{\"@type\":\"CommentAction\",\"name\":\"Comment\",\"target\":[\"https:\/\/lmtj.ro\/?p=7234#respond\"]}]},{\"@type\":\"WebPage\",\"@id\":\"https:\/\/lmtj.ro\/?p=7234\",\"url\":\"https:\/\/lmtj.ro\/?p=7234\",\"name\":\"Ieri, 2 martie, Sala Festiv\u0103 a Liceului de Muzic\u0103 \\\"Tudor Jarda\\\" din Bistri\u021ba a fost gazda unui eveniment deosebit: Masterclass-ul de Pian sus\u021binut de Lect. Univ. Dr. Ioana St\u0103nescu, de la Universitatea Na\u021bional\u0103 de Arte \\\"George Enescu\\\" din Ia\u0219i - Liceul de Muzic\u0103 &quot;Tudor Jarda&quot;\",\"isPartOf\":{\"@id\":\"https:\/\/lmtj.ro\/#website\"},\"primaryImageOfPage\":{\"@id\":\"https:\/\/lmtj.ro\/?p=7234#primaryimage\"},\"image\":{\"@id\":\"https:\/\/lmtj.ro\/?p=7234#primaryimage\"},\"thumbnailUrl\":\"https:\/\/lmtj.ro\/wp-content\/uploads\/2026\/03\/644168486_1456893986447675_2822858384161816318_n.jpg\",\"datePublished\":\"2026-03-03T13:47:25+00:00\",\"dateModified\":\"2026-03-03T13:47:26+00:00\",\"breadcrumb\":{\"@id\":\"https:\/\/lmtj.ro\/?p=7234#breadcrumb\"},\"inLanguage\":\"ro-RO\",\"potentialAction\":[{\"@type\":\"ReadAction\",\"target\":[\"https:\/\/lmtj.ro\/?p=7234\"]}]},{\"@type\":\"ImageObject\",\"inLanguage\":\"ro-RO\",\"@id\":\"https:\/\/lmtj.ro\/?p=7234#primaryimage\",\"url\":\"https:\/\/lmtj.ro\/wp-content\/uploads\/2026\/03\/644168486_1456893986447675_2822858384161816318_n.jpg\",\"contentUrl\":\"https:\/\/lmtj.ro\/wp-content\/uploads\/2026\/03\/644168486_1456893986447675_2822858384161816318_n.jpg\",\"width\":1414,\"height\":2000},{\"@type\":\"BreadcrumbList\",\"@id\":\"https:\/\/lmtj.ro\/?p=7234#breadcrumb\",\"itemListElement\":[{\"@type\":\"ListItem\",\"position\":1,\"name\":\"Prima pagin\u0103\",\"item\":\"https:\/\/lmtj.ro\/\"},{\"@type\":\"ListItem\",\"position\":2,\"name\":\"Ieri, 2 martie, Sala Festiv\u0103 a Liceului de Muzic\u0103 &#8222;Tudor Jarda&#8221; din Bistri\u021ba a fost gazda unui eveniment deosebit: Masterclass-ul de Pian sus\u021binut de Lect. Univ. Dr. Ioana St\u0103nescu, de la Universitatea Na\u021bional\u0103 de Arte &#8222;George Enescu&#8221; din Ia\u0219i\"}]},{\"@type\":\"WebSite\",\"@id\":\"https:\/\/lmtj.ro\/#website\",\"url\":\"https:\/\/lmtj.ro\/\",\"name\":\"Liceul de Muzic\u0103 &quot;Tudor Jarda&quot;\",\"description\":\"Liceul de Muzic\u0103 &quot;Tudor Jarda&quot;\",\"publisher\":{\"@id\":\"https:\/\/lmtj.ro\/#organization\"},\"potentialAction\":[{\"@type\":\"SearchAction\",\"target\":{\"@type\":\"EntryPoint\",\"urlTemplate\":\"https:\/\/lmtj.ro\/?s={search_term_string}\"},\"query-input\":{\"@type\":\"PropertyValueSpecification\",\"valueRequired\":true,\"valueName\":\"search_term_string\"}}],\"inLanguage\":\"ro-RO\"},{\"@type\":\"Organization\",\"@id\":\"https:\/\/lmtj.ro\/#organization\",\"name\":\"Liceul de Muzic\u0103 &quot;Tudor Jarda&quot;\",\"url\":\"https:\/\/lmtj.ro\/\",\"logo\":{\"@type\":\"ImageObject\",\"inLanguage\":\"ro-RO\",\"@id\":\"https:\/\/lmtj.ro\/#\/schema\/logo\/image\/\",\"url\":\"https:\/\/lmtj.ro\/wp-content\/uploads\/2021\/03\/cropped-logo_no_background-1.png\",\"contentUrl\":\"https:\/\/lmtj.ro\/wp-content\/uploads\/2021\/03\/cropped-logo_no_background-1.png\",\"width\":464,\"height\":464,\"caption\":\"Liceul de Muzic\u0103 &quot;Tudor Jarda&quot;\"},\"image\":{\"@id\":\"https:\/\/lmtj.ro\/#\/schema\/logo\/image\/\"}},{\"@type\":\"Person\",\"@id\":\"https:\/\/lmtj.ro\/#\/schema\/person\/251f53cc7f78c47b51b96b6b67ce1dd9\",\"name\":\"Cristi2412\",\"image\":{\"@type\":\"ImageObject\",\"inLanguage\":\"ro-RO\",\"@id\":\"https:\/\/secure.gravatar.com\/avatar\/1444ab07ba320683ad35d71963c8745f885e8e1ea061ec1d634017c2172341a6?s=96&d=mm&r=g\",\"url\":\"https:\/\/secure.gravatar.com\/avatar\/1444ab07ba320683ad35d71963c8745f885e8e1ea061ec1d634017c2172341a6?s=96&d=mm&r=g\",\"contentUrl\":\"https:\/\/secure.gravatar.com\/avatar\/1444ab07ba320683ad35d71963c8745f885e8e1ea061ec1d634017c2172341a6?s=96&d=mm&r=g\",\"caption\":\"Cristi2412\"},\"sameAs\":[\"https:\/\/lmtj.ro\"],\"url\":\"https:\/\/lmtj.ro\/?author=1\"}]}<\/script>\n<!-- \/ Yoast SEO plugin. -->","yoast_head_json":{"title":"Ieri, 2 martie, Sala Festiv\u0103 a Liceului de Muzic\u0103 \"Tudor Jarda\" din Bistri\u021ba a fost gazda unui eveniment deosebit: Masterclass-ul de Pian sus\u021binut de Lect. Univ. Dr. Ioana St\u0103nescu, de la Universitatea Na\u021bional\u0103 de Arte \"George Enescu\" din Ia\u0219i - Liceul de Muzic\u0103 &quot;Tudor Jarda&quot;","robots":{"index":"index","follow":"follow","max-snippet":"max-snippet:-1","max-image-preview":"max-image-preview:large","max-video-preview":"max-video-preview:-1"},"canonical":"https:\/\/lmtj.ro\/?p=7234","og_locale":"ro_RO","og_type":"article","og_title":"Ieri, 2 martie, Sala Festiv\u0103 a Liceului de Muzic\u0103 \"Tudor Jarda\" din Bistri\u021ba a fost gazda unui eveniment deosebit: Masterclass-ul de Pian sus\u021binut de Lect. Univ. Dr. Ioana St\u0103nescu, de la Universitatea Na\u021bional\u0103 de Arte \"George Enescu\" din Ia\u0219i - Liceul de Muzic\u0103 &quot;Tudor Jarda&quot;","og_description":"Ieri, 2 martie, Sala Festiv\u0103 a Liceului de Muzic\u0103 &#8222;Tudor Jarda&#8221; din Bistri\u021ba a fost gazda unui eveniment deosebit: Masterclass-ul de Pian sus\u021binut de Lect. Univ. Dr. Ioana St\u0103nescu, de la Universitatea Na\u021bional\u0103 de Arte &#8222;George Enescu&#8221; din Ia\u0219i. \u200bA fost o zi plin\u0103 de inspira\u021bie, \u00een care elevii no\u0219tri au avut ocazia s\u0103 \u00eenve\u021be [&hellip;]","og_url":"https:\/\/lmtj.ro\/?p=7234","og_site_name":"Liceul de Muzic\u0103 &quot;Tudor Jarda&quot;","article_published_time":"2026-03-03T13:47:25+00:00","article_modified_time":"2026-03-03T13:47:26+00:00","og_image":[{"width":1414,"height":2000,"url":"https:\/\/lmtj.ro\/wp-content\/uploads\/2026\/03\/644168486_1456893986447675_2822858384161816318_n.jpg","type":"image\/jpeg"}],"author":"Cristi2412","twitter_card":"summary_large_image","twitter_misc":{"Scris de":"Cristi2412","Timp estimat pentru citire":"2 minute"},"schema":{"@context":"https:\/\/schema.org","@graph":[{"@type":"Article","@id":"https:\/\/lmtj.ro\/?p=7234#article","isPartOf":{"@id":"https:\/\/lmtj.ro\/?p=7234"},"author":{"name":"Cristi2412","@id":"https:\/\/lmtj.ro\/#\/schema\/person\/251f53cc7f78c47b51b96b6b67ce1dd9"},"headline":"Ieri, 2 martie, Sala Festiv\u0103 a Liceului de Muzic\u0103 &#8222;Tudor Jarda&#8221; din Bistri\u021ba a fost gazda unui eveniment deosebit: Masterclass-ul de Pian sus\u021binut de Lect. Univ. Dr. Ioana St\u0103nescu, de la Universitatea Na\u021bional\u0103 de Arte &#8222;George Enescu&#8221; din Ia\u0219i","datePublished":"2026-03-03T13:47:25+00:00","dateModified":"2026-03-03T13:47:26+00:00","mainEntityOfPage":{"@id":"https:\/\/lmtj.ro\/?p=7234"},"wordCount":196,"commentCount":0,"publisher":{"@id":"https:\/\/lmtj.ro\/#organization"},"image":{"@id":"https:\/\/lmtj.ro\/?p=7234#primaryimage"},"thumbnailUrl":"https:\/\/lmtj.ro\/wp-content\/uploads\/2026\/03\/644168486_1456893986447675_2822858384161816318_n.jpg","articleSection":["Uncategorized"],"inLanguage":"ro-RO","potentialAction":[{"@type":"CommentAction","name":"Comment","target":["https:\/\/lmtj.ro\/?p=7234#respond"]}]},{"@type":"WebPage","@id":"https:\/\/lmtj.ro\/?p=7234","url":"https:\/\/lmtj.ro\/?p=7234","name":"Ieri, 2 martie, Sala Festiv\u0103 a Liceului de Muzic\u0103 \"Tudor Jarda\" din Bistri\u021ba a fost gazda unui eveniment deosebit: Masterclass-ul de Pian sus\u021binut de Lect. Univ. Dr. Ioana St\u0103nescu, de la Universitatea Na\u021bional\u0103 de Arte \"George Enescu\" din Ia\u0219i - Liceul de Muzic\u0103 &quot;Tudor Jarda&quot;","isPartOf":{"@id":"https:\/\/lmtj.ro\/#website"},"primaryImageOfPage":{"@id":"https:\/\/lmtj.ro\/?p=7234#primaryimage"},"image":{"@id":"https:\/\/lmtj.ro\/?p=7234#primaryimage"},"thumbnailUrl":"https:\/\/lmtj.ro\/wp-content\/uploads\/2026\/03\/644168486_1456893986447675_2822858384161816318_n.jpg","datePublished":"2026-03-03T13:47:25+00:00","dateModified":"2026-03-03T13:47:26+00:00","breadcrumb":{"@id":"https:\/\/lmtj.ro\/?p=7234#breadcrumb"},"inLanguage":"ro-RO","potentialAction":[{"@type":"ReadAction","target":["https:\/\/lmtj.ro\/?p=7234"]}]},{"@type":"ImageObject","inLanguage":"ro-RO","@id":"https:\/\/lmtj.ro\/?p=7234#primaryimage","url":"https:\/\/lmtj.ro\/wp-content\/uploads\/2026\/03\/644168486_1456893986447675_2822858384161816318_n.jpg","contentUrl":"https:\/\/lmtj.ro\/wp-content\/uploads\/2026\/03\/644168486_1456893986447675_2822858384161816318_n.jpg","width":1414,"height":2000},{"@type":"BreadcrumbList","@id":"https:\/\/lmtj.ro\/?p=7234#breadcrumb","itemListElement":[{"@type":"ListItem","position":1,"name":"Prima pagin\u0103","item":"https:\/\/lmtj.ro\/"},{"@type":"ListItem","position":2,"name":"Ieri, 2 martie, Sala Festiv\u0103 a Liceului de Muzic\u0103 &#8222;Tudor Jarda&#8221; din Bistri\u021ba a fost gazda unui eveniment deosebit: Masterclass-ul de Pian sus\u021binut de Lect. Univ. Dr. Ioana St\u0103nescu, de la Universitatea Na\u021bional\u0103 de Arte &#8222;George Enescu&#8221; din Ia\u0219i"}]},{"@type":"WebSite","@id":"https:\/\/lmtj.ro\/#website","url":"https:\/\/lmtj.ro\/","name":"Liceul de Muzic\u0103 &quot;Tudor Jarda&quot;","description":"Liceul de Muzic\u0103 &quot;Tudor Jarda&quot;","publisher":{"@id":"https:\/\/lmtj.ro\/#organization"},"potentialAction":[{"@type":"SearchAction","target":{"@type":"EntryPoint","urlTemplate":"https:\/\/lmtj.ro\/?s={search_term_string}"},"query-input":{"@type":"PropertyValueSpecification","valueRequired":true,"valueName":"search_term_string"}}],"inLanguage":"ro-RO"},{"@type":"Organization","@id":"https:\/\/lmtj.ro\/#organization","name":"Liceul de Muzic\u0103 &quot;Tudor Jarda&quot;","url":"https:\/\/lmtj.ro\/","logo":{"@type":"ImageObject","inLanguage":"ro-RO","@id":"https:\/\/lmtj.ro\/#\/schema\/logo\/image\/","url":"https:\/\/lmtj.ro\/wp-content\/uploads\/2021\/03\/cropped-logo_no_background-1.png","contentUrl":"https:\/\/lmtj.ro\/wp-content\/uploads\/2021\/03\/cropped-logo_no_background-1.png","width":464,"height":464,"caption":"Liceul de Muzic\u0103 &quot;Tudor Jarda&quot;"},"image":{"@id":"https:\/\/lmtj.ro\/#\/schema\/logo\/image\/"}},{"@type":"Person","@id":"https:\/\/lmtj.ro\/#\/schema\/person\/251f53cc7f78c47b51b96b6b67ce1dd9","name":"Cristi2412","image":{"@type":"ImageObject","inLanguage":"ro-RO","@id":"https:\/\/secure.gravatar.com\/avatar\/1444ab07ba320683ad35d71963c8745f885e8e1ea061ec1d634017c2172341a6?s=96&d=mm&r=g","url":"https:\/\/secure.gravatar.com\/avatar\/1444ab07ba320683ad35d71963c8745f885e8e1ea061ec1d634017c2172341a6?s=96&d=mm&r=g","contentUrl":"https:\/\/secure.gravatar.com\/avatar\/1444ab07ba320683ad35d71963c8745f885e8e1ea061ec1d634017c2172341a6?s=96&d=mm&r=g","caption":"Cristi2412"},"sameAs":["https:\/\/lmtj.ro"],"url":"https:\/\/lmtj.ro\/?author=1"}]}},"_links":{"self":[{"href":"https:\/\/lmtj.ro\/index.php?rest_route=\/wp\/v2\/posts\/7234","targetHints":{"allow":["GET"]}}],"collection":[{"href":"https:\/\/lmtj.ro\/index.php?rest_route=\/wp\/v2\/posts"}],"about":[{"href":"https:\/\/lmtj.ro\/index.php?rest_route=\/wp\/v2\/types\/post"}],"author":[{"embeddable":true,"href":"https:\/\/lmtj.ro\/index.php?rest_route=\/wp\/v2\/users\/1"}],"replies":[{"embeddable":true,"href":"https:\/\/lmtj.ro\/index.php?rest_route=%2Fwp%2Fv2%2Fcomments&post=7234"}],"version-history":[{"count":1,"href":"https:\/\/lmtj.ro\/index.php?rest_route=\/wp\/v2\/posts\/7234\/revisions"}],"predecessor-version":[{"id":7236,"href":"https:\/\/lmtj.ro\/index.php?rest_route=\/wp\/v2\/posts\/7234\/revisions\/7236"}],"wp:featuredmedia":[{"embeddable":true,"href":"https:\/\/lmtj.ro\/index.php?rest_route=\/wp\/v2\/media\/7235"}],"wp:attachment":[{"href":"https:\/\/lmtj.ro\/index.php?rest_route=%2Fwp%2Fv2%2Fmedia&parent=7234"}],"wp:term":[{"taxonomy":"category","embeddable":true,"href":"https:\/\/lmtj.ro\/index.php?rest_route=%2Fwp%2Fv2%2Fcategories&post=7234"},{"taxonomy":"post_tag","embeddable":true,"href":"https:\/\/lmtj.ro\/index.php?rest_route=%2Fwp%2Fv2%2Ftags&post=7234"},{"taxonomy":"post_folder","embeddable":true,"href":"https:\/\/lmtj.ro\/index.php?rest_route=%2Fwp%2Fv2%2Fpost_folder&post=7234"}],"curies":[{"name":"wp","href":"https:\/\/api.w.org\/{rel}","templated":true}]}}