{"id":7226,"date":"2026-03-02T06:08:44","date_gmt":"2026-03-02T06:08:44","guid":{"rendered":"https:\/\/lmtj.ro\/?p=7226"},"modified":"2026-03-03T06:11:46","modified_gmt":"2026-03-03T06:11:46","slug":"in-cadrul-evenimentului-zilele-tudor-jarda-am-avut-bucuria-de-a-ne-lasa-purtati-de-talentul-colegilor-nostri-in-cadrul-traditionalului-concert-al-profesorilor","status":"publish","type":"post","link":"https:\/\/lmtj.ro\/?p=7226","title":{"rendered":"\u00cen cadrul evenimentului \u201eZilele Tudor Jarda\u201d, am avut bucuria de a ne l\u0103sa purta\u021bi de talentul colegilor no\u0219tri \u00een cadrul tradi\u021bionalului Concert al Profesorilor"},"content":{"rendered":"\n<p>\u00cen cadrul evenimentului \u201eZilele Tudor Jarda\u201d, am avut bucuria de a ne l\u0103sa purta\u021bi de talentul colegilor no\u0219tri \u00een cadrul tradi\u021bionalului Concert al Profesorilor. Dincolo de virtuozitate, atmosfera a fost una cu totul special\u0103: prietenoas\u0103, plin\u0103 de emo\u021bie \u0219i respect pentru valorile care ne definesc.<\/p>\n\n\n\n<p>\u200b<img decoding=\"async\" height=\"16\" width=\"16\" alt=\"\u2728\" src=\"https:\/\/static.xx.fbcdn.net\/images\/emoji.php\/v9\/tf4\/1\/16\/2728.png\"> \u200bSufletul serii a fost, f\u0103r\u0103 \u00eendoial\u0103, invitata noastr\u0103 special\u0103, doamna prof. M\u0103rioara Buzil\u0103, fost inspector de specialitate \u0219i, mai presus de toate, student\u0103 a maestrului Tudor Jarda, domnia sa este persoana c\u0103reia \u00eei dator\u0103m \u00eens\u0103\u0219i existen\u021ba liceului nostru. Eforturile \u0219i viziunea dumneaei au pus piatra de temelie a acestei institu\u021bii, iar prezen\u021ba sa \u00een sal\u0103 ne-a reamintit tuturor de r\u0103d\u0103cinile noastre \u0219i de frumuse\u021bea continuit\u0103\u021bii.<\/p>\n\n\n\n<p>\u200bA fost o onoare s\u0103 ascult\u0103m pove\u0219tile despre maestru \u0219i s\u0103 sim\u021bim m\u00e2ndria de a purta mai departe mo\u0219tenirea numelui Tudor Jarda.<\/p>\n\n\n\n<p><a href=\"https:\/\/www.facebook.com\/LiceulTudorJarda\/posts\/pfbid037oyPfM2esZSBGywhdPofWmK1WUdGjvMDt7RbDfzbhxriTRMxjnQyxgzpGFfDuRjhl\">https:\/\/www.facebook.com\/LiceulTudorJarda\/posts\/pfbid037oyPfM2esZSBGywhdPofWmK1WUdGjvMDt7RbDfzbhxriTRMxjnQyxgzpGFfDuRjhl<\/a><\/p>\n","protected":false},"excerpt":{"rendered":"<p>\u00cen cadrul evenimentului \u201eZilele Tudor Jarda\u201d, am avut bucuria de a ne l\u0103sa purta\u021bi de talentul colegilor no\u0219tri \u00een cadrul tradi\u021bionalului Concert al Profesorilor. Dincolo de virtuozitate, atmosfera a fost una cu totul special\u0103: prietenoas\u0103, plin\u0103 de emo\u021bie \u0219i respect pentru valorile care ne definesc. \u200b \u200bSufletul serii a fost, f\u0103r\u0103 \u00eendoial\u0103, invitata noastr\u0103 special\u0103, [&hellip;]<\/p>\n","protected":false},"author":1,"featured_media":7227,"comment_status":"open","ping_status":"open","sticky":false,"template":"","format":"standard","meta":{"site-sidebar-layout":"default","site-content-layout":"","ast-site-content-layout":"default","site-content-style":"default","site-sidebar-style":"default","ast-global-header-display":"","ast-banner-title-visibility":"","ast-main-header-display":"","ast-hfb-above-header-display":"","ast-hfb-below-header-display":"","ast-hfb-mobile-header-display":"","site-post-title":"","ast-breadcrumbs-content":"","ast-featured-img":"","footer-sml-layout":"","ast-disable-related-posts":"","theme-transparent-header-meta":"","adv-header-id-meta":"","stick-header-meta":"","header-above-stick-meta":"","header-main-stick-meta":"","header-below-stick-meta":"","astra-migrate-meta-layouts":"set","ast-page-background-enabled":"default","ast-page-background-meta":{"desktop":{"background-color":"","background-image":"","background-repeat":"repeat","background-position":"center center","background-size":"auto","background-attachment":"scroll","background-type":"","background-media":"","overlay-type":"","overlay-color":"","overlay-opacity":"","overlay-gradient":""},"tablet":{"background-color":"","background-image":"","background-repeat":"repeat","background-position":"center center","background-size":"auto","background-attachment":"scroll","background-type":"","background-media":"","overlay-type":"","overlay-color":"","overlay-opacity":"","overlay-gradient":""},"mobile":{"background-color":"","background-image":"","background-repeat":"repeat","background-position":"center center","background-size":"auto","background-attachment":"scroll","background-type":"","background-media":"","overlay-type":"","overlay-color":"","overlay-opacity":"","overlay-gradient":""}},"ast-content-background-meta":{"desktop":{"background-color":"var(--ast-global-color-5)","background-image":"","background-repeat":"repeat","background-position":"center center","background-size":"auto","background-attachment":"scroll","background-type":"","background-media":"","overlay-type":"","overlay-color":"","overlay-opacity":"","overlay-gradient":""},"tablet":{"background-color":"var(--ast-global-color-5)","background-image":"","background-repeat":"repeat","background-position":"center center","background-size":"auto","background-attachment":"scroll","background-type":"","background-media":"","overlay-type":"","overlay-color":"","overlay-opacity":"","overlay-gradient":""},"mobile":{"background-color":"var(--ast-global-color-5)","background-image":"","background-repeat":"repeat","background-position":"center center","background-size":"auto","background-attachment":"scroll","background-type":"","background-media":"","overlay-type":"","overlay-color":"","overlay-opacity":"","overlay-gradient":""}},"footnotes":""},"categories":[19],"tags":[],"post_folder":[],"class_list":["post-7226","post","type-post","status-publish","format-standard","has-post-thumbnail","hentry","category-general"],"yoast_head":"<!-- This site is optimized with the Yoast SEO plugin v27.2 - https:\/\/yoast.com\/product\/yoast-seo-wordpress\/ -->\n<title>\u00cen cadrul evenimentului \u201eZilele Tudor Jarda\u201d, am avut bucuria de a ne l\u0103sa purta\u021bi de talentul colegilor no\u0219tri \u00een cadrul tradi\u021bionalului Concert al Profesorilor - Liceul de Muzic\u0103 &quot;Tudor Jarda&quot;<\/title>\n<meta name=\"robots\" content=\"index, follow, max-snippet:-1, max-image-preview:large, max-video-preview:-1\" \/>\n<link rel=\"canonical\" href=\"https:\/\/lmtj.ro\/?p=7226\" \/>\n<meta property=\"og:locale\" content=\"ro_RO\" \/>\n<meta property=\"og:type\" content=\"article\" \/>\n<meta property=\"og:title\" content=\"\u00cen cadrul evenimentului \u201eZilele Tudor Jarda\u201d, am avut bucuria de a ne l\u0103sa purta\u021bi de talentul colegilor no\u0219tri \u00een cadrul tradi\u021bionalului Concert al Profesorilor - Liceul de Muzic\u0103 &quot;Tudor Jarda&quot;\" \/>\n<meta property=\"og:description\" content=\"\u00cen cadrul evenimentului \u201eZilele Tudor Jarda\u201d, am avut bucuria de a ne l\u0103sa purta\u021bi de talentul colegilor no\u0219tri \u00een cadrul tradi\u021bionalului Concert al Profesorilor. Dincolo de virtuozitate, atmosfera a fost una cu totul special\u0103: prietenoas\u0103, plin\u0103 de emo\u021bie \u0219i respect pentru valorile care ne definesc. \u200b \u200bSufletul serii a fost, f\u0103r\u0103 \u00eendoial\u0103, invitata noastr\u0103 special\u0103, [&hellip;]\" \/>\n<meta property=\"og:url\" content=\"https:\/\/lmtj.ro\/?p=7226\" \/>\n<meta property=\"og:site_name\" content=\"Liceul de Muzic\u0103 &quot;Tudor Jarda&quot;\" \/>\n<meta property=\"article:published_time\" content=\"2026-03-02T06:08:44+00:00\" \/>\n<meta property=\"article:modified_time\" content=\"2026-03-03T06:11:46+00:00\" \/>\n<meta property=\"og:image\" content=\"https:\/\/lmtj.ro\/wp-content\/uploads\/2026\/03\/Screenshot_6.png\" \/>\n\t<meta property=\"og:image:width\" content=\"623\" \/>\n\t<meta property=\"og:image:height\" content=\"910\" \/>\n\t<meta property=\"og:image:type\" content=\"image\/png\" \/>\n<meta name=\"author\" content=\"Cristi2412\" \/>\n<meta name=\"twitter:card\" content=\"summary_large_image\" \/>\n<meta name=\"twitter:label1\" content=\"Scris de\" \/>\n\t<meta name=\"twitter:data1\" content=\"Cristi2412\" \/>\n\t<meta name=\"twitter:label2\" content=\"Timp estimat pentru citire\" \/>\n\t<meta name=\"twitter:data2\" content=\"2 minute\" \/>\n<script type=\"application\/ld+json\" class=\"yoast-schema-graph\">{\"@context\":\"https:\/\/schema.org\",\"@graph\":[{\"@type\":\"Article\",\"@id\":\"https:\/\/lmtj.ro\/?p=7226#article\",\"isPartOf\":{\"@id\":\"https:\/\/lmtj.ro\/?p=7226\"},\"author\":{\"name\":\"Cristi2412\",\"@id\":\"https:\/\/lmtj.ro\/#\/schema\/person\/251f53cc7f78c47b51b96b6b67ce1dd9\"},\"headline\":\"\u00cen cadrul evenimentului \u201eZilele Tudor Jarda\u201d, am avut bucuria de a ne l\u0103sa purta\u021bi de talentul colegilor no\u0219tri \u00een cadrul tradi\u021bionalului Concert al Profesorilor\",\"datePublished\":\"2026-03-02T06:08:44+00:00\",\"dateModified\":\"2026-03-03T06:11:46+00:00\",\"mainEntityOfPage\":{\"@id\":\"https:\/\/lmtj.ro\/?p=7226\"},\"wordCount\":193,\"commentCount\":0,\"publisher\":{\"@id\":\"https:\/\/lmtj.ro\/#organization\"},\"image\":{\"@id\":\"https:\/\/lmtj.ro\/?p=7226#primaryimage\"},\"thumbnailUrl\":\"https:\/\/lmtj.ro\/wp-content\/uploads\/2026\/03\/Screenshot_6.png\",\"articleSection\":[\"General\"],\"inLanguage\":\"ro-RO\",\"potentialAction\":[{\"@type\":\"CommentAction\",\"name\":\"Comment\",\"target\":[\"https:\/\/lmtj.ro\/?p=7226#respond\"]}]},{\"@type\":\"WebPage\",\"@id\":\"https:\/\/lmtj.ro\/?p=7226\",\"url\":\"https:\/\/lmtj.ro\/?p=7226\",\"name\":\"\u00cen cadrul evenimentului \u201eZilele Tudor Jarda\u201d, am avut bucuria de a ne l\u0103sa purta\u021bi de talentul colegilor no\u0219tri \u00een cadrul tradi\u021bionalului Concert al Profesorilor - Liceul de Muzic\u0103 &quot;Tudor Jarda&quot;\",\"isPartOf\":{\"@id\":\"https:\/\/lmtj.ro\/#website\"},\"primaryImageOfPage\":{\"@id\":\"https:\/\/lmtj.ro\/?p=7226#primaryimage\"},\"image\":{\"@id\":\"https:\/\/lmtj.ro\/?p=7226#primaryimage\"},\"thumbnailUrl\":\"https:\/\/lmtj.ro\/wp-content\/uploads\/2026\/03\/Screenshot_6.png\",\"datePublished\":\"2026-03-02T06:08:44+00:00\",\"dateModified\":\"2026-03-03T06:11:46+00:00\",\"breadcrumb\":{\"@id\":\"https:\/\/lmtj.ro\/?p=7226#breadcrumb\"},\"inLanguage\":\"ro-RO\",\"potentialAction\":[{\"@type\":\"ReadAction\",\"target\":[\"https:\/\/lmtj.ro\/?p=7226\"]}]},{\"@type\":\"ImageObject\",\"inLanguage\":\"ro-RO\",\"@id\":\"https:\/\/lmtj.ro\/?p=7226#primaryimage\",\"url\":\"https:\/\/lmtj.ro\/wp-content\/uploads\/2026\/03\/Screenshot_6.png\",\"contentUrl\":\"https:\/\/lmtj.ro\/wp-content\/uploads\/2026\/03\/Screenshot_6.png\",\"width\":623,\"height\":910},{\"@type\":\"BreadcrumbList\",\"@id\":\"https:\/\/lmtj.ro\/?p=7226#breadcrumb\",\"itemListElement\":[{\"@type\":\"ListItem\",\"position\":1,\"name\":\"Prima pagin\u0103\",\"item\":\"https:\/\/lmtj.ro\/\"},{\"@type\":\"ListItem\",\"position\":2,\"name\":\"\u00cen cadrul evenimentului \u201eZilele Tudor Jarda\u201d, am avut bucuria de a ne l\u0103sa purta\u021bi de talentul colegilor no\u0219tri \u00een cadrul tradi\u021bionalului Concert al Profesorilor\"}]},{\"@type\":\"WebSite\",\"@id\":\"https:\/\/lmtj.ro\/#website\",\"url\":\"https:\/\/lmtj.ro\/\",\"name\":\"Liceul de Muzic\u0103 &quot;Tudor Jarda&quot;\",\"description\":\"Liceul de Muzic\u0103 &quot;Tudor Jarda&quot;\",\"publisher\":{\"@id\":\"https:\/\/lmtj.ro\/#organization\"},\"potentialAction\":[{\"@type\":\"SearchAction\",\"target\":{\"@type\":\"EntryPoint\",\"urlTemplate\":\"https:\/\/lmtj.ro\/?s={search_term_string}\"},\"query-input\":{\"@type\":\"PropertyValueSpecification\",\"valueRequired\":true,\"valueName\":\"search_term_string\"}}],\"inLanguage\":\"ro-RO\"},{\"@type\":\"Organization\",\"@id\":\"https:\/\/lmtj.ro\/#organization\",\"name\":\"Liceul de Muzic\u0103 &quot;Tudor Jarda&quot;\",\"url\":\"https:\/\/lmtj.ro\/\",\"logo\":{\"@type\":\"ImageObject\",\"inLanguage\":\"ro-RO\",\"@id\":\"https:\/\/lmtj.ro\/#\/schema\/logo\/image\/\",\"url\":\"https:\/\/lmtj.ro\/wp-content\/uploads\/2021\/03\/cropped-logo_no_background-1.png\",\"contentUrl\":\"https:\/\/lmtj.ro\/wp-content\/uploads\/2021\/03\/cropped-logo_no_background-1.png\",\"width\":464,\"height\":464,\"caption\":\"Liceul de Muzic\u0103 &quot;Tudor Jarda&quot;\"},\"image\":{\"@id\":\"https:\/\/lmtj.ro\/#\/schema\/logo\/image\/\"}},{\"@type\":\"Person\",\"@id\":\"https:\/\/lmtj.ro\/#\/schema\/person\/251f53cc7f78c47b51b96b6b67ce1dd9\",\"name\":\"Cristi2412\",\"image\":{\"@type\":\"ImageObject\",\"inLanguage\":\"ro-RO\",\"@id\":\"https:\/\/secure.gravatar.com\/avatar\/1444ab07ba320683ad35d71963c8745f885e8e1ea061ec1d634017c2172341a6?s=96&d=mm&r=g\",\"url\":\"https:\/\/secure.gravatar.com\/avatar\/1444ab07ba320683ad35d71963c8745f885e8e1ea061ec1d634017c2172341a6?s=96&d=mm&r=g\",\"contentUrl\":\"https:\/\/secure.gravatar.com\/avatar\/1444ab07ba320683ad35d71963c8745f885e8e1ea061ec1d634017c2172341a6?s=96&d=mm&r=g\",\"caption\":\"Cristi2412\"},\"sameAs\":[\"https:\/\/lmtj.ro\"],\"url\":\"https:\/\/lmtj.ro\/?author=1\"}]}<\/script>\n<!-- \/ Yoast SEO plugin. -->","yoast_head_json":{"title":"\u00cen cadrul evenimentului \u201eZilele Tudor Jarda\u201d, am avut bucuria de a ne l\u0103sa purta\u021bi de talentul colegilor no\u0219tri \u00een cadrul tradi\u021bionalului Concert al Profesorilor - Liceul de Muzic\u0103 &quot;Tudor Jarda&quot;","robots":{"index":"index","follow":"follow","max-snippet":"max-snippet:-1","max-image-preview":"max-image-preview:large","max-video-preview":"max-video-preview:-1"},"canonical":"https:\/\/lmtj.ro\/?p=7226","og_locale":"ro_RO","og_type":"article","og_title":"\u00cen cadrul evenimentului \u201eZilele Tudor Jarda\u201d, am avut bucuria de a ne l\u0103sa purta\u021bi de talentul colegilor no\u0219tri \u00een cadrul tradi\u021bionalului Concert al Profesorilor - Liceul de Muzic\u0103 &quot;Tudor Jarda&quot;","og_description":"\u00cen cadrul evenimentului \u201eZilele Tudor Jarda\u201d, am avut bucuria de a ne l\u0103sa purta\u021bi de talentul colegilor no\u0219tri \u00een cadrul tradi\u021bionalului Concert al Profesorilor. Dincolo de virtuozitate, atmosfera a fost una cu totul special\u0103: prietenoas\u0103, plin\u0103 de emo\u021bie \u0219i respect pentru valorile care ne definesc. \u200b \u200bSufletul serii a fost, f\u0103r\u0103 \u00eendoial\u0103, invitata noastr\u0103 special\u0103, [&hellip;]","og_url":"https:\/\/lmtj.ro\/?p=7226","og_site_name":"Liceul de Muzic\u0103 &quot;Tudor Jarda&quot;","article_published_time":"2026-03-02T06:08:44+00:00","article_modified_time":"2026-03-03T06:11:46+00:00","og_image":[{"width":623,"height":910,"url":"https:\/\/lmtj.ro\/wp-content\/uploads\/2026\/03\/Screenshot_6.png","type":"image\/png"}],"author":"Cristi2412","twitter_card":"summary_large_image","twitter_misc":{"Scris de":"Cristi2412","Timp estimat pentru citire":"2 minute"},"schema":{"@context":"https:\/\/schema.org","@graph":[{"@type":"Article","@id":"https:\/\/lmtj.ro\/?p=7226#article","isPartOf":{"@id":"https:\/\/lmtj.ro\/?p=7226"},"author":{"name":"Cristi2412","@id":"https:\/\/lmtj.ro\/#\/schema\/person\/251f53cc7f78c47b51b96b6b67ce1dd9"},"headline":"\u00cen cadrul evenimentului \u201eZilele Tudor Jarda\u201d, am avut bucuria de a ne l\u0103sa purta\u021bi de talentul colegilor no\u0219tri \u00een cadrul tradi\u021bionalului Concert al Profesorilor","datePublished":"2026-03-02T06:08:44+00:00","dateModified":"2026-03-03T06:11:46+00:00","mainEntityOfPage":{"@id":"https:\/\/lmtj.ro\/?p=7226"},"wordCount":193,"commentCount":0,"publisher":{"@id":"https:\/\/lmtj.ro\/#organization"},"image":{"@id":"https:\/\/lmtj.ro\/?p=7226#primaryimage"},"thumbnailUrl":"https:\/\/lmtj.ro\/wp-content\/uploads\/2026\/03\/Screenshot_6.png","articleSection":["General"],"inLanguage":"ro-RO","potentialAction":[{"@type":"CommentAction","name":"Comment","target":["https:\/\/lmtj.ro\/?p=7226#respond"]}]},{"@type":"WebPage","@id":"https:\/\/lmtj.ro\/?p=7226","url":"https:\/\/lmtj.ro\/?p=7226","name":"\u00cen cadrul evenimentului \u201eZilele Tudor Jarda\u201d, am avut bucuria de a ne l\u0103sa purta\u021bi de talentul colegilor no\u0219tri \u00een cadrul tradi\u021bionalului Concert al Profesorilor - Liceul de Muzic\u0103 &quot;Tudor Jarda&quot;","isPartOf":{"@id":"https:\/\/lmtj.ro\/#website"},"primaryImageOfPage":{"@id":"https:\/\/lmtj.ro\/?p=7226#primaryimage"},"image":{"@id":"https:\/\/lmtj.ro\/?p=7226#primaryimage"},"thumbnailUrl":"https:\/\/lmtj.ro\/wp-content\/uploads\/2026\/03\/Screenshot_6.png","datePublished":"2026-03-02T06:08:44+00:00","dateModified":"2026-03-03T06:11:46+00:00","breadcrumb":{"@id":"https:\/\/lmtj.ro\/?p=7226#breadcrumb"},"inLanguage":"ro-RO","potentialAction":[{"@type":"ReadAction","target":["https:\/\/lmtj.ro\/?p=7226"]}]},{"@type":"ImageObject","inLanguage":"ro-RO","@id":"https:\/\/lmtj.ro\/?p=7226#primaryimage","url":"https:\/\/lmtj.ro\/wp-content\/uploads\/2026\/03\/Screenshot_6.png","contentUrl":"https:\/\/lmtj.ro\/wp-content\/uploads\/2026\/03\/Screenshot_6.png","width":623,"height":910},{"@type":"BreadcrumbList","@id":"https:\/\/lmtj.ro\/?p=7226#breadcrumb","itemListElement":[{"@type":"ListItem","position":1,"name":"Prima pagin\u0103","item":"https:\/\/lmtj.ro\/"},{"@type":"ListItem","position":2,"name":"\u00cen cadrul evenimentului \u201eZilele Tudor Jarda\u201d, am avut bucuria de a ne l\u0103sa purta\u021bi de talentul colegilor no\u0219tri \u00een cadrul tradi\u021bionalului Concert al Profesorilor"}]},{"@type":"WebSite","@id":"https:\/\/lmtj.ro\/#website","url":"https:\/\/lmtj.ro\/","name":"Liceul de Muzic\u0103 &quot;Tudor Jarda&quot;","description":"Liceul de Muzic\u0103 &quot;Tudor Jarda&quot;","publisher":{"@id":"https:\/\/lmtj.ro\/#organization"},"potentialAction":[{"@type":"SearchAction","target":{"@type":"EntryPoint","urlTemplate":"https:\/\/lmtj.ro\/?s={search_term_string}"},"query-input":{"@type":"PropertyValueSpecification","valueRequired":true,"valueName":"search_term_string"}}],"inLanguage":"ro-RO"},{"@type":"Organization","@id":"https:\/\/lmtj.ro\/#organization","name":"Liceul de Muzic\u0103 &quot;Tudor Jarda&quot;","url":"https:\/\/lmtj.ro\/","logo":{"@type":"ImageObject","inLanguage":"ro-RO","@id":"https:\/\/lmtj.ro\/#\/schema\/logo\/image\/","url":"https:\/\/lmtj.ro\/wp-content\/uploads\/2021\/03\/cropped-logo_no_background-1.png","contentUrl":"https:\/\/lmtj.ro\/wp-content\/uploads\/2021\/03\/cropped-logo_no_background-1.png","width":464,"height":464,"caption":"Liceul de Muzic\u0103 &quot;Tudor Jarda&quot;"},"image":{"@id":"https:\/\/lmtj.ro\/#\/schema\/logo\/image\/"}},{"@type":"Person","@id":"https:\/\/lmtj.ro\/#\/schema\/person\/251f53cc7f78c47b51b96b6b67ce1dd9","name":"Cristi2412","image":{"@type":"ImageObject","inLanguage":"ro-RO","@id":"https:\/\/secure.gravatar.com\/avatar\/1444ab07ba320683ad35d71963c8745f885e8e1ea061ec1d634017c2172341a6?s=96&d=mm&r=g","url":"https:\/\/secure.gravatar.com\/avatar\/1444ab07ba320683ad35d71963c8745f885e8e1ea061ec1d634017c2172341a6?s=96&d=mm&r=g","contentUrl":"https:\/\/secure.gravatar.com\/avatar\/1444ab07ba320683ad35d71963c8745f885e8e1ea061ec1d634017c2172341a6?s=96&d=mm&r=g","caption":"Cristi2412"},"sameAs":["https:\/\/lmtj.ro"],"url":"https:\/\/lmtj.ro\/?author=1"}]}},"_links":{"self":[{"href":"https:\/\/lmtj.ro\/index.php?rest_route=\/wp\/v2\/posts\/7226","targetHints":{"allow":["GET"]}}],"collection":[{"href":"https:\/\/lmtj.ro\/index.php?rest_route=\/wp\/v2\/posts"}],"about":[{"href":"https:\/\/lmtj.ro\/index.php?rest_route=\/wp\/v2\/types\/post"}],"author":[{"embeddable":true,"href":"https:\/\/lmtj.ro\/index.php?rest_route=\/wp\/v2\/users\/1"}],"replies":[{"embeddable":true,"href":"https:\/\/lmtj.ro\/index.php?rest_route=%2Fwp%2Fv2%2Fcomments&post=7226"}],"version-history":[{"count":1,"href":"https:\/\/lmtj.ro\/index.php?rest_route=\/wp\/v2\/posts\/7226\/revisions"}],"predecessor-version":[{"id":7228,"href":"https:\/\/lmtj.ro\/index.php?rest_route=\/wp\/v2\/posts\/7226\/revisions\/7228"}],"wp:featuredmedia":[{"embeddable":true,"href":"https:\/\/lmtj.ro\/index.php?rest_route=\/wp\/v2\/media\/7227"}],"wp:attachment":[{"href":"https:\/\/lmtj.ro\/index.php?rest_route=%2Fwp%2Fv2%2Fmedia&parent=7226"}],"wp:term":[{"taxonomy":"category","embeddable":true,"href":"https:\/\/lmtj.ro\/index.php?rest_route=%2Fwp%2Fv2%2Fcategories&post=7226"},{"taxonomy":"post_tag","embeddable":true,"href":"https:\/\/lmtj.ro\/index.php?rest_route=%2Fwp%2Fv2%2Ftags&post=7226"},{"taxonomy":"post_folder","embeddable":true,"href":"https:\/\/lmtj.ro\/index.php?rest_route=%2Fwp%2Fv2%2Fpost_folder&post=7226"}],"curies":[{"name":"wp","href":"https:\/\/api.w.org\/{rel}","templated":true}]}}