{"id":6312,"date":"2025-04-06T06:30:32","date_gmt":"2025-04-06T06:30:32","guid":{"rendered":"https:\/\/lmtj.ro\/?p=6312"},"modified":"2025-04-07T06:32:21","modified_gmt":"2025-04-07T06:32:21","slug":"la-concursul-de-interpretare-instrumentala-timotei-popovici-editia-xix-desfasurat-la-sibiu-micii-nostri-violonisti-au-obtinut-urmatoarele-premii","status":"publish","type":"post","link":"https:\/\/lmtj.ro\/?p=6312","title":{"rendered":"La Concursul de Interpretare Instrumental\u0103 &#8222;Timotei Popovici&#8221; edi\u021bia XIX, desf\u0103\u0219urat la Sibiu, micii no\u0219tri violoni\u0219ti au ob\u021binut urm\u0103toarele premii"},"content":{"rendered":"\n<p>La Concursul de Interpretare Instrumental\u0103 &#8222;Timotei Popovici&#8221; edi\u021bia XIX, desf\u0103\u0219urat la Sibiu, micii no\u0219tri violoni\u0219ti au ob\u021binut urm\u0103toarele premii:<\/p>\n\n\n\n<p>Premiul I<img decoding=\"async\" height=\"16\" width=\"16\" alt=\"\ud83e\udd47\" src=\"https:\/\/static.xx.fbcdn.net\/images\/emoji.php\/v9\/t94\/1\/16\/1f947.png\"><\/p>\n\n\n\n<p><a><\/a>Boldor Ruth, clasa a II-a<\/p>\n\n\n\n<p>Vasile Iarina, clasa a III-a<\/p>\n\n\n\n<p>Premiul II<img decoding=\"async\" height=\"16\" width=\"16\" alt=\"\ud83e\udd48\" src=\"https:\/\/static.xx.fbcdn.net\/images\/emoji.php\/v9\/t15\/1\/16\/1f948.png\"> : Boldor Anelice, clasa I<\/p>\n\n\n\n<p>Premiul III<img decoding=\"async\" height=\"16\" width=\"16\" alt=\"\ud83e\udd49\" src=\"https:\/\/static.xx.fbcdn.net\/images\/emoji.php\/v9\/t96\/1\/16\/1f949.png\">: \u021a\u0103ran Emanuel, clasa I<\/p>\n\n\n\n<p>Felicit\u0103ri elevilor \u0219i profesorilor coordonatori: Corina Muntean, Manuela Filichi, R\u0103zvan Vasile, Ovidiu Patra\u0219ciuc, Bianca Tru\u021b, Bianca Vasile.<\/p>\n\n\n\n<p><a href=\"https:\/\/www.facebook.com\/LiceulTudorJarda\/posts\/pfbid0V2oijYsMYUqMgJGpx2mL1wPnNwGxQJufpamJ7TpbdkKnFsAE5knQMPZHy164Td2Xl\">https:\/\/www.facebook.com\/LiceulTudorJarda\/posts\/pfbid0V2oijYsMYUqMgJGpx2mL1wPnNwGxQJufpamJ7TpbdkKnFsAE5knQMPZHy164Td2Xl<\/a><\/p>\n","protected":false},"excerpt":{"rendered":"<p>La Concursul de Interpretare Instrumental\u0103 &#8222;Timotei Popovici&#8221; edi\u021bia XIX, desf\u0103\u0219urat la Sibiu, micii no\u0219tri violoni\u0219ti au ob\u021binut urm\u0103toarele premii: Premiul I Boldor Ruth, clasa a II-a Vasile Iarina, clasa a III-a Premiul II : Boldor Anelice, clasa I Premiul III: \u021a\u0103ran Emanuel, clasa I Felicit\u0103ri elevilor \u0219i profesorilor coordonatori: Corina Muntean, Manuela Filichi, R\u0103zvan Vasile, [&hellip;]<\/p>\n","protected":false},"author":1,"featured_media":6314,"comment_status":"open","ping_status":"open","sticky":false,"template":"","format":"standard","meta":{"site-sidebar-layout":"default","site-content-layout":"","ast-site-content-layout":"default","site-content-style":"default","site-sidebar-style":"default","ast-global-header-display":"","ast-banner-title-visibility":"","ast-main-header-display":"","ast-hfb-above-header-display":"","ast-hfb-below-header-display":"","ast-hfb-mobile-header-display":"","site-post-title":"","ast-breadcrumbs-content":"","ast-featured-img":"","footer-sml-layout":"","ast-disable-related-posts":"","theme-transparent-header-meta":"","adv-header-id-meta":"","stick-header-meta":"","header-above-stick-meta":"","header-main-stick-meta":"","header-below-stick-meta":"","astra-migrate-meta-layouts":"default","ast-page-background-enabled":"default","ast-page-background-meta":{"desktop":{"background-color":"","background-image":"","background-repeat":"repeat","background-position":"center center","background-size":"auto","background-attachment":"scroll","background-type":"","background-media":"","overlay-type":"","overlay-color":"","overlay-opacity":"","overlay-gradient":""},"tablet":{"background-color":"","background-image":"","background-repeat":"repeat","background-position":"center center","background-size":"auto","background-attachment":"scroll","background-type":"","background-media":"","overlay-type":"","overlay-color":"","overlay-opacity":"","overlay-gradient":""},"mobile":{"background-color":"","background-image":"","background-repeat":"repeat","background-position":"center center","background-size":"auto","background-attachment":"scroll","background-type":"","background-media":"","overlay-type":"","overlay-color":"","overlay-opacity":"","overlay-gradient":""}},"ast-content-background-meta":{"desktop":{"background-color":"var(--ast-global-color-5)","background-image":"","background-repeat":"repeat","background-position":"center center","background-size":"auto","background-attachment":"scroll","background-type":"","background-media":"","overlay-type":"","overlay-color":"","overlay-opacity":"","overlay-gradient":""},"tablet":{"background-color":"var(--ast-global-color-5)","background-image":"","background-repeat":"repeat","background-position":"center center","background-size":"auto","background-attachment":"scroll","background-type":"","background-media":"","overlay-type":"","overlay-color":"","overlay-opacity":"","overlay-gradient":""},"mobile":{"background-color":"var(--ast-global-color-5)","background-image":"","background-repeat":"repeat","background-position":"center center","background-size":"auto","background-attachment":"scroll","background-type":"","background-media":"","overlay-type":"","overlay-color":"","overlay-opacity":"","overlay-gradient":""}},"footnotes":""},"categories":[19],"tags":[],"post_folder":[],"class_list":["post-6312","post","type-post","status-publish","format-standard","has-post-thumbnail","hentry","category-general"],"yoast_head":"<!-- This site is optimized with the Yoast SEO plugin v27.2 - https:\/\/yoast.com\/product\/yoast-seo-wordpress\/ -->\n<title>La Concursul de Interpretare Instrumental\u0103 &quot;Timotei Popovici&quot; edi\u021bia XIX, desf\u0103\u0219urat la Sibiu, micii no\u0219tri violoni\u0219ti au ob\u021binut urm\u0103toarele premii - Liceul de Muzic\u0103 &quot;Tudor Jarda&quot;<\/title>\n<meta name=\"robots\" content=\"index, follow, max-snippet:-1, max-image-preview:large, max-video-preview:-1\" \/>\n<link rel=\"canonical\" href=\"https:\/\/lmtj.ro\/?p=6312\" \/>\n<meta property=\"og:locale\" content=\"ro_RO\" \/>\n<meta property=\"og:type\" content=\"article\" \/>\n<meta property=\"og:title\" content=\"La Concursul de Interpretare Instrumental\u0103 &quot;Timotei Popovici&quot; edi\u021bia XIX, desf\u0103\u0219urat la Sibiu, micii no\u0219tri violoni\u0219ti au ob\u021binut urm\u0103toarele premii - Liceul de Muzic\u0103 &quot;Tudor Jarda&quot;\" \/>\n<meta property=\"og:description\" content=\"La Concursul de Interpretare Instrumental\u0103 &#8222;Timotei Popovici&#8221; edi\u021bia XIX, desf\u0103\u0219urat la Sibiu, micii no\u0219tri violoni\u0219ti au ob\u021binut urm\u0103toarele premii: Premiul I Boldor Ruth, clasa a II-a Vasile Iarina, clasa a III-a Premiul II : Boldor Anelice, clasa I Premiul III: \u021a\u0103ran Emanuel, clasa I Felicit\u0103ri elevilor \u0219i profesorilor coordonatori: Corina Muntean, Manuela Filichi, R\u0103zvan Vasile, [&hellip;]\" \/>\n<meta property=\"og:url\" content=\"https:\/\/lmtj.ro\/?p=6312\" \/>\n<meta property=\"og:site_name\" content=\"Liceul de Muzic\u0103 &quot;Tudor Jarda&quot;\" \/>\n<meta property=\"article:published_time\" content=\"2025-04-06T06:30:32+00:00\" \/>\n<meta property=\"article:modified_time\" content=\"2025-04-07T06:32:21+00:00\" \/>\n<meta property=\"og:image\" content=\"https:\/\/lmtj.ro\/wp-content\/uploads\/2025\/04\/489214067_1170887625048314_7648715248214251355_n.jpg\" \/>\n\t<meta property=\"og:image:width\" content=\"1536\" \/>\n\t<meta property=\"og:image:height\" content=\"2048\" \/>\n\t<meta property=\"og:image:type\" content=\"image\/jpeg\" \/>\n<meta name=\"author\" content=\"Cristi2412\" \/>\n<meta name=\"twitter:card\" content=\"summary_large_image\" \/>\n<meta name=\"twitter:label1\" content=\"Scris de\" \/>\n\t<meta name=\"twitter:data1\" content=\"Cristi2412\" \/>\n<script type=\"application\/ld+json\" class=\"yoast-schema-graph\">{\"@context\":\"https:\/\/schema.org\",\"@graph\":[{\"@type\":\"Article\",\"@id\":\"https:\/\/lmtj.ro\/?p=6312#article\",\"isPartOf\":{\"@id\":\"https:\/\/lmtj.ro\/?p=6312\"},\"author\":{\"name\":\"Cristi2412\",\"@id\":\"https:\/\/lmtj.ro\/#\/schema\/person\/251f53cc7f78c47b51b96b6b67ce1dd9\"},\"headline\":\"La Concursul de Interpretare Instrumental\u0103 &#8222;Timotei Popovici&#8221; edi\u021bia XIX, desf\u0103\u0219urat la Sibiu, micii no\u0219tri violoni\u0219ti au ob\u021binut urm\u0103toarele premii\",\"datePublished\":\"2025-04-06T06:30:32+00:00\",\"dateModified\":\"2025-04-07T06:32:21+00:00\",\"mainEntityOfPage\":{\"@id\":\"https:\/\/lmtj.ro\/?p=6312\"},\"wordCount\":109,\"commentCount\":0,\"publisher\":{\"@id\":\"https:\/\/lmtj.ro\/#organization\"},\"image\":{\"@id\":\"https:\/\/lmtj.ro\/?p=6312#primaryimage\"},\"thumbnailUrl\":\"https:\/\/lmtj.ro\/wp-content\/uploads\/2025\/04\/489214067_1170887625048314_7648715248214251355_n.jpg\",\"articleSection\":[\"General\"],\"inLanguage\":\"ro-RO\",\"potentialAction\":[{\"@type\":\"CommentAction\",\"name\":\"Comment\",\"target\":[\"https:\/\/lmtj.ro\/?p=6312#respond\"]}]},{\"@type\":\"WebPage\",\"@id\":\"https:\/\/lmtj.ro\/?p=6312\",\"url\":\"https:\/\/lmtj.ro\/?p=6312\",\"name\":\"La Concursul de Interpretare Instrumental\u0103 \\\"Timotei Popovici\\\" edi\u021bia XIX, desf\u0103\u0219urat la Sibiu, micii no\u0219tri violoni\u0219ti au ob\u021binut urm\u0103toarele premii - Liceul de Muzic\u0103 &quot;Tudor Jarda&quot;\",\"isPartOf\":{\"@id\":\"https:\/\/lmtj.ro\/#website\"},\"primaryImageOfPage\":{\"@id\":\"https:\/\/lmtj.ro\/?p=6312#primaryimage\"},\"image\":{\"@id\":\"https:\/\/lmtj.ro\/?p=6312#primaryimage\"},\"thumbnailUrl\":\"https:\/\/lmtj.ro\/wp-content\/uploads\/2025\/04\/489214067_1170887625048314_7648715248214251355_n.jpg\",\"datePublished\":\"2025-04-06T06:30:32+00:00\",\"dateModified\":\"2025-04-07T06:32:21+00:00\",\"breadcrumb\":{\"@id\":\"https:\/\/lmtj.ro\/?p=6312#breadcrumb\"},\"inLanguage\":\"ro-RO\",\"potentialAction\":[{\"@type\":\"ReadAction\",\"target\":[\"https:\/\/lmtj.ro\/?p=6312\"]}]},{\"@type\":\"ImageObject\",\"inLanguage\":\"ro-RO\",\"@id\":\"https:\/\/lmtj.ro\/?p=6312#primaryimage\",\"url\":\"https:\/\/lmtj.ro\/wp-content\/uploads\/2025\/04\/489214067_1170887625048314_7648715248214251355_n.jpg\",\"contentUrl\":\"https:\/\/lmtj.ro\/wp-content\/uploads\/2025\/04\/489214067_1170887625048314_7648715248214251355_n.jpg\",\"width\":1536,\"height\":2048},{\"@type\":\"BreadcrumbList\",\"@id\":\"https:\/\/lmtj.ro\/?p=6312#breadcrumb\",\"itemListElement\":[{\"@type\":\"ListItem\",\"position\":1,\"name\":\"Prima pagin\u0103\",\"item\":\"https:\/\/lmtj.ro\/\"},{\"@type\":\"ListItem\",\"position\":2,\"name\":\"La Concursul de Interpretare Instrumental\u0103 &#8222;Timotei Popovici&#8221; edi\u021bia XIX, desf\u0103\u0219urat la Sibiu, micii no\u0219tri violoni\u0219ti au ob\u021binut urm\u0103toarele premii\"}]},{\"@type\":\"WebSite\",\"@id\":\"https:\/\/lmtj.ro\/#website\",\"url\":\"https:\/\/lmtj.ro\/\",\"name\":\"Liceul de Muzic\u0103 &quot;Tudor Jarda&quot;\",\"description\":\"Liceul de Muzic\u0103 &quot;Tudor Jarda&quot;\",\"publisher\":{\"@id\":\"https:\/\/lmtj.ro\/#organization\"},\"potentialAction\":[{\"@type\":\"SearchAction\",\"target\":{\"@type\":\"EntryPoint\",\"urlTemplate\":\"https:\/\/lmtj.ro\/?s={search_term_string}\"},\"query-input\":{\"@type\":\"PropertyValueSpecification\",\"valueRequired\":true,\"valueName\":\"search_term_string\"}}],\"inLanguage\":\"ro-RO\"},{\"@type\":\"Organization\",\"@id\":\"https:\/\/lmtj.ro\/#organization\",\"name\":\"Liceul de Muzic\u0103 &quot;Tudor Jarda&quot;\",\"url\":\"https:\/\/lmtj.ro\/\",\"logo\":{\"@type\":\"ImageObject\",\"inLanguage\":\"ro-RO\",\"@id\":\"https:\/\/lmtj.ro\/#\/schema\/logo\/image\/\",\"url\":\"https:\/\/lmtj.ro\/wp-content\/uploads\/2021\/03\/cropped-logo_no_background-1.png\",\"contentUrl\":\"https:\/\/lmtj.ro\/wp-content\/uploads\/2021\/03\/cropped-logo_no_background-1.png\",\"width\":464,\"height\":464,\"caption\":\"Liceul de Muzic\u0103 &quot;Tudor Jarda&quot;\"},\"image\":{\"@id\":\"https:\/\/lmtj.ro\/#\/schema\/logo\/image\/\"}},{\"@type\":\"Person\",\"@id\":\"https:\/\/lmtj.ro\/#\/schema\/person\/251f53cc7f78c47b51b96b6b67ce1dd9\",\"name\":\"Cristi2412\",\"image\":{\"@type\":\"ImageObject\",\"inLanguage\":\"ro-RO\",\"@id\":\"https:\/\/secure.gravatar.com\/avatar\/1444ab07ba320683ad35d71963c8745f885e8e1ea061ec1d634017c2172341a6?s=96&d=mm&r=g\",\"url\":\"https:\/\/secure.gravatar.com\/avatar\/1444ab07ba320683ad35d71963c8745f885e8e1ea061ec1d634017c2172341a6?s=96&d=mm&r=g\",\"contentUrl\":\"https:\/\/secure.gravatar.com\/avatar\/1444ab07ba320683ad35d71963c8745f885e8e1ea061ec1d634017c2172341a6?s=96&d=mm&r=g\",\"caption\":\"Cristi2412\"},\"sameAs\":[\"https:\/\/lmtj.ro\"],\"url\":\"https:\/\/lmtj.ro\/?author=1\"}]}<\/script>\n<!-- \/ Yoast SEO plugin. -->","yoast_head_json":{"title":"La Concursul de Interpretare Instrumental\u0103 \"Timotei Popovici\" edi\u021bia XIX, desf\u0103\u0219urat la Sibiu, micii no\u0219tri violoni\u0219ti au ob\u021binut urm\u0103toarele premii - Liceul de Muzic\u0103 &quot;Tudor Jarda&quot;","robots":{"index":"index","follow":"follow","max-snippet":"max-snippet:-1","max-image-preview":"max-image-preview:large","max-video-preview":"max-video-preview:-1"},"canonical":"https:\/\/lmtj.ro\/?p=6312","og_locale":"ro_RO","og_type":"article","og_title":"La Concursul de Interpretare Instrumental\u0103 \"Timotei Popovici\" edi\u021bia XIX, desf\u0103\u0219urat la Sibiu, micii no\u0219tri violoni\u0219ti au ob\u021binut urm\u0103toarele premii - Liceul de Muzic\u0103 &quot;Tudor Jarda&quot;","og_description":"La Concursul de Interpretare Instrumental\u0103 &#8222;Timotei Popovici&#8221; edi\u021bia XIX, desf\u0103\u0219urat la Sibiu, micii no\u0219tri violoni\u0219ti au ob\u021binut urm\u0103toarele premii: Premiul I Boldor Ruth, clasa a II-a Vasile Iarina, clasa a III-a Premiul II : Boldor Anelice, clasa I Premiul III: \u021a\u0103ran Emanuel, clasa I Felicit\u0103ri elevilor \u0219i profesorilor coordonatori: Corina Muntean, Manuela Filichi, R\u0103zvan Vasile, [&hellip;]","og_url":"https:\/\/lmtj.ro\/?p=6312","og_site_name":"Liceul de Muzic\u0103 &quot;Tudor Jarda&quot;","article_published_time":"2025-04-06T06:30:32+00:00","article_modified_time":"2025-04-07T06:32:21+00:00","og_image":[{"width":1536,"height":2048,"url":"https:\/\/lmtj.ro\/wp-content\/uploads\/2025\/04\/489214067_1170887625048314_7648715248214251355_n.jpg","type":"image\/jpeg"}],"author":"Cristi2412","twitter_card":"summary_large_image","twitter_misc":{"Scris de":"Cristi2412"},"schema":{"@context":"https:\/\/schema.org","@graph":[{"@type":"Article","@id":"https:\/\/lmtj.ro\/?p=6312#article","isPartOf":{"@id":"https:\/\/lmtj.ro\/?p=6312"},"author":{"name":"Cristi2412","@id":"https:\/\/lmtj.ro\/#\/schema\/person\/251f53cc7f78c47b51b96b6b67ce1dd9"},"headline":"La Concursul de Interpretare Instrumental\u0103 &#8222;Timotei Popovici&#8221; edi\u021bia XIX, desf\u0103\u0219urat la Sibiu, micii no\u0219tri violoni\u0219ti au ob\u021binut urm\u0103toarele premii","datePublished":"2025-04-06T06:30:32+00:00","dateModified":"2025-04-07T06:32:21+00:00","mainEntityOfPage":{"@id":"https:\/\/lmtj.ro\/?p=6312"},"wordCount":109,"commentCount":0,"publisher":{"@id":"https:\/\/lmtj.ro\/#organization"},"image":{"@id":"https:\/\/lmtj.ro\/?p=6312#primaryimage"},"thumbnailUrl":"https:\/\/lmtj.ro\/wp-content\/uploads\/2025\/04\/489214067_1170887625048314_7648715248214251355_n.jpg","articleSection":["General"],"inLanguage":"ro-RO","potentialAction":[{"@type":"CommentAction","name":"Comment","target":["https:\/\/lmtj.ro\/?p=6312#respond"]}]},{"@type":"WebPage","@id":"https:\/\/lmtj.ro\/?p=6312","url":"https:\/\/lmtj.ro\/?p=6312","name":"La Concursul de Interpretare Instrumental\u0103 \"Timotei Popovici\" edi\u021bia XIX, desf\u0103\u0219urat la Sibiu, micii no\u0219tri violoni\u0219ti au ob\u021binut urm\u0103toarele premii - Liceul de Muzic\u0103 &quot;Tudor Jarda&quot;","isPartOf":{"@id":"https:\/\/lmtj.ro\/#website"},"primaryImageOfPage":{"@id":"https:\/\/lmtj.ro\/?p=6312#primaryimage"},"image":{"@id":"https:\/\/lmtj.ro\/?p=6312#primaryimage"},"thumbnailUrl":"https:\/\/lmtj.ro\/wp-content\/uploads\/2025\/04\/489214067_1170887625048314_7648715248214251355_n.jpg","datePublished":"2025-04-06T06:30:32+00:00","dateModified":"2025-04-07T06:32:21+00:00","breadcrumb":{"@id":"https:\/\/lmtj.ro\/?p=6312#breadcrumb"},"inLanguage":"ro-RO","potentialAction":[{"@type":"ReadAction","target":["https:\/\/lmtj.ro\/?p=6312"]}]},{"@type":"ImageObject","inLanguage":"ro-RO","@id":"https:\/\/lmtj.ro\/?p=6312#primaryimage","url":"https:\/\/lmtj.ro\/wp-content\/uploads\/2025\/04\/489214067_1170887625048314_7648715248214251355_n.jpg","contentUrl":"https:\/\/lmtj.ro\/wp-content\/uploads\/2025\/04\/489214067_1170887625048314_7648715248214251355_n.jpg","width":1536,"height":2048},{"@type":"BreadcrumbList","@id":"https:\/\/lmtj.ro\/?p=6312#breadcrumb","itemListElement":[{"@type":"ListItem","position":1,"name":"Prima pagin\u0103","item":"https:\/\/lmtj.ro\/"},{"@type":"ListItem","position":2,"name":"La Concursul de Interpretare Instrumental\u0103 &#8222;Timotei Popovici&#8221; edi\u021bia XIX, desf\u0103\u0219urat la Sibiu, micii no\u0219tri violoni\u0219ti au ob\u021binut urm\u0103toarele premii"}]},{"@type":"WebSite","@id":"https:\/\/lmtj.ro\/#website","url":"https:\/\/lmtj.ro\/","name":"Liceul de Muzic\u0103 &quot;Tudor Jarda&quot;","description":"Liceul de Muzic\u0103 &quot;Tudor Jarda&quot;","publisher":{"@id":"https:\/\/lmtj.ro\/#organization"},"potentialAction":[{"@type":"SearchAction","target":{"@type":"EntryPoint","urlTemplate":"https:\/\/lmtj.ro\/?s={search_term_string}"},"query-input":{"@type":"PropertyValueSpecification","valueRequired":true,"valueName":"search_term_string"}}],"inLanguage":"ro-RO"},{"@type":"Organization","@id":"https:\/\/lmtj.ro\/#organization","name":"Liceul de Muzic\u0103 &quot;Tudor Jarda&quot;","url":"https:\/\/lmtj.ro\/","logo":{"@type":"ImageObject","inLanguage":"ro-RO","@id":"https:\/\/lmtj.ro\/#\/schema\/logo\/image\/","url":"https:\/\/lmtj.ro\/wp-content\/uploads\/2021\/03\/cropped-logo_no_background-1.png","contentUrl":"https:\/\/lmtj.ro\/wp-content\/uploads\/2021\/03\/cropped-logo_no_background-1.png","width":464,"height":464,"caption":"Liceul de Muzic\u0103 &quot;Tudor Jarda&quot;"},"image":{"@id":"https:\/\/lmtj.ro\/#\/schema\/logo\/image\/"}},{"@type":"Person","@id":"https:\/\/lmtj.ro\/#\/schema\/person\/251f53cc7f78c47b51b96b6b67ce1dd9","name":"Cristi2412","image":{"@type":"ImageObject","inLanguage":"ro-RO","@id":"https:\/\/secure.gravatar.com\/avatar\/1444ab07ba320683ad35d71963c8745f885e8e1ea061ec1d634017c2172341a6?s=96&d=mm&r=g","url":"https:\/\/secure.gravatar.com\/avatar\/1444ab07ba320683ad35d71963c8745f885e8e1ea061ec1d634017c2172341a6?s=96&d=mm&r=g","contentUrl":"https:\/\/secure.gravatar.com\/avatar\/1444ab07ba320683ad35d71963c8745f885e8e1ea061ec1d634017c2172341a6?s=96&d=mm&r=g","caption":"Cristi2412"},"sameAs":["https:\/\/lmtj.ro"],"url":"https:\/\/lmtj.ro\/?author=1"}]}},"_links":{"self":[{"href":"https:\/\/lmtj.ro\/index.php?rest_route=\/wp\/v2\/posts\/6312","targetHints":{"allow":["GET"]}}],"collection":[{"href":"https:\/\/lmtj.ro\/index.php?rest_route=\/wp\/v2\/posts"}],"about":[{"href":"https:\/\/lmtj.ro\/index.php?rest_route=\/wp\/v2\/types\/post"}],"author":[{"embeddable":true,"href":"https:\/\/lmtj.ro\/index.php?rest_route=\/wp\/v2\/users\/1"}],"replies":[{"embeddable":true,"href":"https:\/\/lmtj.ro\/index.php?rest_route=%2Fwp%2Fv2%2Fcomments&post=6312"}],"version-history":[{"count":1,"href":"https:\/\/lmtj.ro\/index.php?rest_route=\/wp\/v2\/posts\/6312\/revisions"}],"predecessor-version":[{"id":6315,"href":"https:\/\/lmtj.ro\/index.php?rest_route=\/wp\/v2\/posts\/6312\/revisions\/6315"}],"wp:featuredmedia":[{"embeddable":true,"href":"https:\/\/lmtj.ro\/index.php?rest_route=\/wp\/v2\/media\/6314"}],"wp:attachment":[{"href":"https:\/\/lmtj.ro\/index.php?rest_route=%2Fwp%2Fv2%2Fmedia&parent=6312"}],"wp:term":[{"taxonomy":"category","embeddable":true,"href":"https:\/\/lmtj.ro\/index.php?rest_route=%2Fwp%2Fv2%2Fcategories&post=6312"},{"taxonomy":"post_tag","embeddable":true,"href":"https:\/\/lmtj.ro\/index.php?rest_route=%2Fwp%2Fv2%2Ftags&post=6312"},{"taxonomy":"post_folder","embeddable":true,"href":"https:\/\/lmtj.ro\/index.php?rest_route=%2Fwp%2Fv2%2Fpost_folder&post=6312"}],"curies":[{"name":"wp","href":"https:\/\/api.w.org\/{rel}","templated":true}]}}