{"id":6309,"date":"2025-04-04T06:28:09","date_gmt":"2025-04-04T06:28:09","guid":{"rendered":"https:\/\/lmtj.ro\/?p=6309"},"modified":"2025-04-07T06:29:28","modified_gmt":"2025-04-07T06:29:28","slug":"il-felicitam-pe-elevul-simbouan-patrick-cristian-care-a-obtinut-premiul-i-trofeul-si-suma-de-1000-de-lei-la-concursul-national-de-interpretare-wolfgang-amadeus-mozart","status":"publish","type":"post","link":"https:\/\/lmtj.ro\/?p=6309","title":{"rendered":"\u00cel felicit\u0103m pe elevul S\u00eembouan Patrick Cristian care a ob\u021binut premiul I, Trofeul \u0219i suma de 1000 de lei la Concursul Na\u021bional de Interpretare Wolfgang Amadeus Mozart"},"content":{"rendered":"\n<p>\u00cel felicit\u0103m pe elevul S\u00eembouan Patrick Cristian care a ob\u021binut premiul I, Trofeul \u0219i suma de 1000 de lei la Concursul Na\u021bional de Interpretare Wolfgang Amadeus Mozart <a><\/a>care s-a desf\u0103\u0219urat la T\u00e2rgovi\u0219te \u00een perioada 31.03 &#8211; 3.04.2025. Juriul a fost format din cadre didactice din mediul universitar ( Universitatea Na\u021bional\u0103 de Muzic\u0103 Bucure\u0219ti, Universitatea Transilvania din Bra\u0219ov, Universitatea Valahia din T\u00e2rgovi\u0219te \u0219i din mediul preuniversitar, profesori ai elevilor care au ob\u021binut premiul I \/ sec\u021biune). \u00cei ur\u0103m succes pe mai departe av\u00e2nd \u00een vedere c\u0103 \u00een perioada 7-12 aprilie va participa la Olimpiada Na\u021bional\u0103 de Interpretare Muzical\u0103, Vocal\u0103 \u0219i Studii Teoretice!<\/p>\n\n\n\n<p>Profesor coordonator: Cristian Con\u0163<\/p>\n\n\n\n<p>Profesor corepetitor: Cristian Lep\u0103datu<\/p>\n\n\n\n<p><a href=\"https:\/\/www.facebook.com\/LiceulTudorJarda\/posts\/pfbid037aaDW7NhmBy8uYYRS3CuP9vkiM74NuoCNN98M7bZXL2zs6f8jnRRUvCivEspRcugl\">https:\/\/www.facebook.com\/LiceulTudorJarda\/posts\/pfbid037aaDW7NhmBy8uYYRS3CuP9vkiM74NuoCNN98M7bZXL2zs6f8jnRRUvCivEspRcugl<\/a><\/p>\n","protected":false},"excerpt":{"rendered":"<p>\u00cel felicit\u0103m pe elevul S\u00eembouan Patrick Cristian care a ob\u021binut premiul I, Trofeul \u0219i suma de 1000 de lei la Concursul Na\u021bional de Interpretare Wolfgang Amadeus Mozart care s-a desf\u0103\u0219urat la T\u00e2rgovi\u0219te \u00een perioada 31.03 &#8211; 3.04.2025. Juriul a fost format din cadre didactice din mediul universitar ( Universitatea Na\u021bional\u0103 de Muzic\u0103 Bucure\u0219ti, Universitatea Transilvania [&hellip;]<\/p>\n","protected":false},"author":1,"featured_media":6310,"comment_status":"open","ping_status":"open","sticky":false,"template":"","format":"standard","meta":{"site-sidebar-layout":"default","site-content-layout":"","ast-site-content-layout":"default","site-content-style":"default","site-sidebar-style":"default","ast-global-header-display":"","ast-banner-title-visibility":"","ast-main-header-display":"","ast-hfb-above-header-display":"","ast-hfb-below-header-display":"","ast-hfb-mobile-header-display":"","site-post-title":"","ast-breadcrumbs-content":"","ast-featured-img":"","footer-sml-layout":"","ast-disable-related-posts":"","theme-transparent-header-meta":"","adv-header-id-meta":"","stick-header-meta":"","header-above-stick-meta":"","header-main-stick-meta":"","header-below-stick-meta":"","astra-migrate-meta-layouts":"default","ast-page-background-enabled":"default","ast-page-background-meta":{"desktop":{"background-color":"","background-image":"","background-repeat":"repeat","background-position":"center center","background-size":"auto","background-attachment":"scroll","background-type":"","background-media":"","overlay-type":"","overlay-color":"","overlay-opacity":"","overlay-gradient":""},"tablet":{"background-color":"","background-image":"","background-repeat":"repeat","background-position":"center center","background-size":"auto","background-attachment":"scroll","background-type":"","background-media":"","overlay-type":"","overlay-color":"","overlay-opacity":"","overlay-gradient":""},"mobile":{"background-color":"","background-image":"","background-repeat":"repeat","background-position":"center center","background-size":"auto","background-attachment":"scroll","background-type":"","background-media":"","overlay-type":"","overlay-color":"","overlay-opacity":"","overlay-gradient":""}},"ast-content-background-meta":{"desktop":{"background-color":"var(--ast-global-color-5)","background-image":"","background-repeat":"repeat","background-position":"center center","background-size":"auto","background-attachment":"scroll","background-type":"","background-media":"","overlay-type":"","overlay-color":"","overlay-opacity":"","overlay-gradient":""},"tablet":{"background-color":"var(--ast-global-color-5)","background-image":"","background-repeat":"repeat","background-position":"center center","background-size":"auto","background-attachment":"scroll","background-type":"","background-media":"","overlay-type":"","overlay-color":"","overlay-opacity":"","overlay-gradient":""},"mobile":{"background-color":"var(--ast-global-color-5)","background-image":"","background-repeat":"repeat","background-position":"center center","background-size":"auto","background-attachment":"scroll","background-type":"","background-media":"","overlay-type":"","overlay-color":"","overlay-opacity":"","overlay-gradient":""}},"footnotes":""},"categories":[19],"tags":[],"post_folder":[],"class_list":["post-6309","post","type-post","status-publish","format-standard","has-post-thumbnail","hentry","category-general"],"yoast_head":"<!-- This site is optimized with the Yoast SEO plugin v27.2 - https:\/\/yoast.com\/product\/yoast-seo-wordpress\/ -->\n<title>\u00cel felicit\u0103m pe elevul S\u00eembouan Patrick Cristian care a ob\u021binut premiul I, Trofeul \u0219i suma de 1000 de lei la Concursul Na\u021bional de Interpretare Wolfgang Amadeus Mozart - Liceul de Muzic\u0103 &quot;Tudor Jarda&quot;<\/title>\n<meta name=\"robots\" content=\"index, follow, max-snippet:-1, max-image-preview:large, max-video-preview:-1\" \/>\n<link rel=\"canonical\" href=\"https:\/\/lmtj.ro\/?p=6309\" \/>\n<meta property=\"og:locale\" content=\"ro_RO\" \/>\n<meta property=\"og:type\" content=\"article\" \/>\n<meta property=\"og:title\" content=\"\u00cel felicit\u0103m pe elevul S\u00eembouan Patrick Cristian care a ob\u021binut premiul I, Trofeul \u0219i suma de 1000 de lei la Concursul Na\u021bional de Interpretare Wolfgang Amadeus Mozart - Liceul de Muzic\u0103 &quot;Tudor Jarda&quot;\" \/>\n<meta property=\"og:description\" content=\"\u00cel felicit\u0103m pe elevul S\u00eembouan Patrick Cristian care a ob\u021binut premiul I, Trofeul \u0219i suma de 1000 de lei la Concursul Na\u021bional de Interpretare Wolfgang Amadeus Mozart care s-a desf\u0103\u0219urat la T\u00e2rgovi\u0219te \u00een perioada 31.03 &#8211; 3.04.2025. Juriul a fost format din cadre didactice din mediul universitar ( Universitatea Na\u021bional\u0103 de Muzic\u0103 Bucure\u0219ti, Universitatea Transilvania [&hellip;]\" \/>\n<meta property=\"og:url\" content=\"https:\/\/lmtj.ro\/?p=6309\" \/>\n<meta property=\"og:site_name\" content=\"Liceul de Muzic\u0103 &quot;Tudor Jarda&quot;\" \/>\n<meta property=\"article:published_time\" content=\"2025-04-04T06:28:09+00:00\" \/>\n<meta property=\"article:modified_time\" content=\"2025-04-07T06:29:28+00:00\" \/>\n<meta property=\"og:image\" content=\"https:\/\/lmtj.ro\/wp-content\/uploads\/2025\/04\/488294757_1168667271937016_635137353532745167_n.jpg\" \/>\n\t<meta property=\"og:image:width\" content=\"1200\" \/>\n\t<meta property=\"og:image:height\" content=\"1600\" \/>\n\t<meta property=\"og:image:type\" content=\"image\/jpeg\" \/>\n<meta name=\"author\" content=\"Cristi2412\" \/>\n<meta name=\"twitter:card\" content=\"summary_large_image\" \/>\n<meta name=\"twitter:label1\" content=\"Scris de\" \/>\n\t<meta name=\"twitter:data1\" content=\"Cristi2412\" \/>\n\t<meta name=\"twitter:label2\" content=\"Timp estimat pentru citire\" \/>\n\t<meta name=\"twitter:data2\" content=\"1 minut\" \/>\n<script type=\"application\/ld+json\" class=\"yoast-schema-graph\">{\"@context\":\"https:\/\/schema.org\",\"@graph\":[{\"@type\":\"Article\",\"@id\":\"https:\/\/lmtj.ro\/?p=6309#article\",\"isPartOf\":{\"@id\":\"https:\/\/lmtj.ro\/?p=6309\"},\"author\":{\"name\":\"Cristi2412\",\"@id\":\"https:\/\/lmtj.ro\/#\/schema\/person\/251f53cc7f78c47b51b96b6b67ce1dd9\"},\"headline\":\"\u00cel felicit\u0103m pe elevul S\u00eembouan Patrick Cristian care a ob\u021binut premiul I, Trofeul \u0219i suma de 1000 de lei la Concursul Na\u021bional de Interpretare Wolfgang Amadeus Mozart\",\"datePublished\":\"2025-04-04T06:28:09+00:00\",\"dateModified\":\"2025-04-07T06:29:28+00:00\",\"mainEntityOfPage\":{\"@id\":\"https:\/\/lmtj.ro\/?p=6309\"},\"wordCount\":170,\"commentCount\":0,\"publisher\":{\"@id\":\"https:\/\/lmtj.ro\/#organization\"},\"image\":{\"@id\":\"https:\/\/lmtj.ro\/?p=6309#primaryimage\"},\"thumbnailUrl\":\"https:\/\/lmtj.ro\/wp-content\/uploads\/2025\/04\/488294757_1168667271937016_635137353532745167_n.jpg\",\"articleSection\":[\"General\"],\"inLanguage\":\"ro-RO\",\"potentialAction\":[{\"@type\":\"CommentAction\",\"name\":\"Comment\",\"target\":[\"https:\/\/lmtj.ro\/?p=6309#respond\"]}]},{\"@type\":\"WebPage\",\"@id\":\"https:\/\/lmtj.ro\/?p=6309\",\"url\":\"https:\/\/lmtj.ro\/?p=6309\",\"name\":\"\u00cel felicit\u0103m pe elevul S\u00eembouan Patrick Cristian care a ob\u021binut premiul I, Trofeul \u0219i suma de 1000 de lei la Concursul Na\u021bional de Interpretare Wolfgang Amadeus Mozart - Liceul de Muzic\u0103 &quot;Tudor Jarda&quot;\",\"isPartOf\":{\"@id\":\"https:\/\/lmtj.ro\/#website\"},\"primaryImageOfPage\":{\"@id\":\"https:\/\/lmtj.ro\/?p=6309#primaryimage\"},\"image\":{\"@id\":\"https:\/\/lmtj.ro\/?p=6309#primaryimage\"},\"thumbnailUrl\":\"https:\/\/lmtj.ro\/wp-content\/uploads\/2025\/04\/488294757_1168667271937016_635137353532745167_n.jpg\",\"datePublished\":\"2025-04-04T06:28:09+00:00\",\"dateModified\":\"2025-04-07T06:29:28+00:00\",\"breadcrumb\":{\"@id\":\"https:\/\/lmtj.ro\/?p=6309#breadcrumb\"},\"inLanguage\":\"ro-RO\",\"potentialAction\":[{\"@type\":\"ReadAction\",\"target\":[\"https:\/\/lmtj.ro\/?p=6309\"]}]},{\"@type\":\"ImageObject\",\"inLanguage\":\"ro-RO\",\"@id\":\"https:\/\/lmtj.ro\/?p=6309#primaryimage\",\"url\":\"https:\/\/lmtj.ro\/wp-content\/uploads\/2025\/04\/488294757_1168667271937016_635137353532745167_n.jpg\",\"contentUrl\":\"https:\/\/lmtj.ro\/wp-content\/uploads\/2025\/04\/488294757_1168667271937016_635137353532745167_n.jpg\",\"width\":1200,\"height\":1600},{\"@type\":\"BreadcrumbList\",\"@id\":\"https:\/\/lmtj.ro\/?p=6309#breadcrumb\",\"itemListElement\":[{\"@type\":\"ListItem\",\"position\":1,\"name\":\"Prima pagin\u0103\",\"item\":\"https:\/\/lmtj.ro\/\"},{\"@type\":\"ListItem\",\"position\":2,\"name\":\"\u00cel felicit\u0103m pe elevul S\u00eembouan Patrick Cristian care a ob\u021binut premiul I, Trofeul \u0219i suma de 1000 de lei la Concursul Na\u021bional de Interpretare Wolfgang Amadeus Mozart\"}]},{\"@type\":\"WebSite\",\"@id\":\"https:\/\/lmtj.ro\/#website\",\"url\":\"https:\/\/lmtj.ro\/\",\"name\":\"Liceul de Muzic\u0103 &quot;Tudor Jarda&quot;\",\"description\":\"Liceul de Muzic\u0103 &quot;Tudor Jarda&quot;\",\"publisher\":{\"@id\":\"https:\/\/lmtj.ro\/#organization\"},\"potentialAction\":[{\"@type\":\"SearchAction\",\"target\":{\"@type\":\"EntryPoint\",\"urlTemplate\":\"https:\/\/lmtj.ro\/?s={search_term_string}\"},\"query-input\":{\"@type\":\"PropertyValueSpecification\",\"valueRequired\":true,\"valueName\":\"search_term_string\"}}],\"inLanguage\":\"ro-RO\"},{\"@type\":\"Organization\",\"@id\":\"https:\/\/lmtj.ro\/#organization\",\"name\":\"Liceul de Muzic\u0103 &quot;Tudor Jarda&quot;\",\"url\":\"https:\/\/lmtj.ro\/\",\"logo\":{\"@type\":\"ImageObject\",\"inLanguage\":\"ro-RO\",\"@id\":\"https:\/\/lmtj.ro\/#\/schema\/logo\/image\/\",\"url\":\"https:\/\/lmtj.ro\/wp-content\/uploads\/2021\/03\/cropped-logo_no_background-1.png\",\"contentUrl\":\"https:\/\/lmtj.ro\/wp-content\/uploads\/2021\/03\/cropped-logo_no_background-1.png\",\"width\":464,\"height\":464,\"caption\":\"Liceul de Muzic\u0103 &quot;Tudor Jarda&quot;\"},\"image\":{\"@id\":\"https:\/\/lmtj.ro\/#\/schema\/logo\/image\/\"}},{\"@type\":\"Person\",\"@id\":\"https:\/\/lmtj.ro\/#\/schema\/person\/251f53cc7f78c47b51b96b6b67ce1dd9\",\"name\":\"Cristi2412\",\"image\":{\"@type\":\"ImageObject\",\"inLanguage\":\"ro-RO\",\"@id\":\"https:\/\/secure.gravatar.com\/avatar\/1444ab07ba320683ad35d71963c8745f885e8e1ea061ec1d634017c2172341a6?s=96&d=mm&r=g\",\"url\":\"https:\/\/secure.gravatar.com\/avatar\/1444ab07ba320683ad35d71963c8745f885e8e1ea061ec1d634017c2172341a6?s=96&d=mm&r=g\",\"contentUrl\":\"https:\/\/secure.gravatar.com\/avatar\/1444ab07ba320683ad35d71963c8745f885e8e1ea061ec1d634017c2172341a6?s=96&d=mm&r=g\",\"caption\":\"Cristi2412\"},\"sameAs\":[\"https:\/\/lmtj.ro\"],\"url\":\"https:\/\/lmtj.ro\/?author=1\"}]}<\/script>\n<!-- \/ Yoast SEO plugin. -->","yoast_head_json":{"title":"\u00cel felicit\u0103m pe elevul S\u00eembouan Patrick Cristian care a ob\u021binut premiul I, Trofeul \u0219i suma de 1000 de lei la Concursul Na\u021bional de Interpretare Wolfgang Amadeus Mozart - Liceul de Muzic\u0103 &quot;Tudor Jarda&quot;","robots":{"index":"index","follow":"follow","max-snippet":"max-snippet:-1","max-image-preview":"max-image-preview:large","max-video-preview":"max-video-preview:-1"},"canonical":"https:\/\/lmtj.ro\/?p=6309","og_locale":"ro_RO","og_type":"article","og_title":"\u00cel felicit\u0103m pe elevul S\u00eembouan Patrick Cristian care a ob\u021binut premiul I, Trofeul \u0219i suma de 1000 de lei la Concursul Na\u021bional de Interpretare Wolfgang Amadeus Mozart - Liceul de Muzic\u0103 &quot;Tudor Jarda&quot;","og_description":"\u00cel felicit\u0103m pe elevul S\u00eembouan Patrick Cristian care a ob\u021binut premiul I, Trofeul \u0219i suma de 1000 de lei la Concursul Na\u021bional de Interpretare Wolfgang Amadeus Mozart care s-a desf\u0103\u0219urat la T\u00e2rgovi\u0219te \u00een perioada 31.03 &#8211; 3.04.2025. Juriul a fost format din cadre didactice din mediul universitar ( Universitatea Na\u021bional\u0103 de Muzic\u0103 Bucure\u0219ti, Universitatea Transilvania [&hellip;]","og_url":"https:\/\/lmtj.ro\/?p=6309","og_site_name":"Liceul de Muzic\u0103 &quot;Tudor Jarda&quot;","article_published_time":"2025-04-04T06:28:09+00:00","article_modified_time":"2025-04-07T06:29:28+00:00","og_image":[{"width":1200,"height":1600,"url":"https:\/\/lmtj.ro\/wp-content\/uploads\/2025\/04\/488294757_1168667271937016_635137353532745167_n.jpg","type":"image\/jpeg"}],"author":"Cristi2412","twitter_card":"summary_large_image","twitter_misc":{"Scris de":"Cristi2412","Timp estimat pentru citire":"1 minut"},"schema":{"@context":"https:\/\/schema.org","@graph":[{"@type":"Article","@id":"https:\/\/lmtj.ro\/?p=6309#article","isPartOf":{"@id":"https:\/\/lmtj.ro\/?p=6309"},"author":{"name":"Cristi2412","@id":"https:\/\/lmtj.ro\/#\/schema\/person\/251f53cc7f78c47b51b96b6b67ce1dd9"},"headline":"\u00cel felicit\u0103m pe elevul S\u00eembouan Patrick Cristian care a ob\u021binut premiul I, Trofeul \u0219i suma de 1000 de lei la Concursul Na\u021bional de Interpretare Wolfgang Amadeus Mozart","datePublished":"2025-04-04T06:28:09+00:00","dateModified":"2025-04-07T06:29:28+00:00","mainEntityOfPage":{"@id":"https:\/\/lmtj.ro\/?p=6309"},"wordCount":170,"commentCount":0,"publisher":{"@id":"https:\/\/lmtj.ro\/#organization"},"image":{"@id":"https:\/\/lmtj.ro\/?p=6309#primaryimage"},"thumbnailUrl":"https:\/\/lmtj.ro\/wp-content\/uploads\/2025\/04\/488294757_1168667271937016_635137353532745167_n.jpg","articleSection":["General"],"inLanguage":"ro-RO","potentialAction":[{"@type":"CommentAction","name":"Comment","target":["https:\/\/lmtj.ro\/?p=6309#respond"]}]},{"@type":"WebPage","@id":"https:\/\/lmtj.ro\/?p=6309","url":"https:\/\/lmtj.ro\/?p=6309","name":"\u00cel felicit\u0103m pe elevul S\u00eembouan Patrick Cristian care a ob\u021binut premiul I, Trofeul \u0219i suma de 1000 de lei la Concursul Na\u021bional de Interpretare Wolfgang Amadeus Mozart - Liceul de Muzic\u0103 &quot;Tudor Jarda&quot;","isPartOf":{"@id":"https:\/\/lmtj.ro\/#website"},"primaryImageOfPage":{"@id":"https:\/\/lmtj.ro\/?p=6309#primaryimage"},"image":{"@id":"https:\/\/lmtj.ro\/?p=6309#primaryimage"},"thumbnailUrl":"https:\/\/lmtj.ro\/wp-content\/uploads\/2025\/04\/488294757_1168667271937016_635137353532745167_n.jpg","datePublished":"2025-04-04T06:28:09+00:00","dateModified":"2025-04-07T06:29:28+00:00","breadcrumb":{"@id":"https:\/\/lmtj.ro\/?p=6309#breadcrumb"},"inLanguage":"ro-RO","potentialAction":[{"@type":"ReadAction","target":["https:\/\/lmtj.ro\/?p=6309"]}]},{"@type":"ImageObject","inLanguage":"ro-RO","@id":"https:\/\/lmtj.ro\/?p=6309#primaryimage","url":"https:\/\/lmtj.ro\/wp-content\/uploads\/2025\/04\/488294757_1168667271937016_635137353532745167_n.jpg","contentUrl":"https:\/\/lmtj.ro\/wp-content\/uploads\/2025\/04\/488294757_1168667271937016_635137353532745167_n.jpg","width":1200,"height":1600},{"@type":"BreadcrumbList","@id":"https:\/\/lmtj.ro\/?p=6309#breadcrumb","itemListElement":[{"@type":"ListItem","position":1,"name":"Prima pagin\u0103","item":"https:\/\/lmtj.ro\/"},{"@type":"ListItem","position":2,"name":"\u00cel felicit\u0103m pe elevul S\u00eembouan Patrick Cristian care a ob\u021binut premiul I, Trofeul \u0219i suma de 1000 de lei la Concursul Na\u021bional de Interpretare Wolfgang Amadeus Mozart"}]},{"@type":"WebSite","@id":"https:\/\/lmtj.ro\/#website","url":"https:\/\/lmtj.ro\/","name":"Liceul de Muzic\u0103 &quot;Tudor Jarda&quot;","description":"Liceul de Muzic\u0103 &quot;Tudor Jarda&quot;","publisher":{"@id":"https:\/\/lmtj.ro\/#organization"},"potentialAction":[{"@type":"SearchAction","target":{"@type":"EntryPoint","urlTemplate":"https:\/\/lmtj.ro\/?s={search_term_string}"},"query-input":{"@type":"PropertyValueSpecification","valueRequired":true,"valueName":"search_term_string"}}],"inLanguage":"ro-RO"},{"@type":"Organization","@id":"https:\/\/lmtj.ro\/#organization","name":"Liceul de Muzic\u0103 &quot;Tudor Jarda&quot;","url":"https:\/\/lmtj.ro\/","logo":{"@type":"ImageObject","inLanguage":"ro-RO","@id":"https:\/\/lmtj.ro\/#\/schema\/logo\/image\/","url":"https:\/\/lmtj.ro\/wp-content\/uploads\/2021\/03\/cropped-logo_no_background-1.png","contentUrl":"https:\/\/lmtj.ro\/wp-content\/uploads\/2021\/03\/cropped-logo_no_background-1.png","width":464,"height":464,"caption":"Liceul de Muzic\u0103 &quot;Tudor Jarda&quot;"},"image":{"@id":"https:\/\/lmtj.ro\/#\/schema\/logo\/image\/"}},{"@type":"Person","@id":"https:\/\/lmtj.ro\/#\/schema\/person\/251f53cc7f78c47b51b96b6b67ce1dd9","name":"Cristi2412","image":{"@type":"ImageObject","inLanguage":"ro-RO","@id":"https:\/\/secure.gravatar.com\/avatar\/1444ab07ba320683ad35d71963c8745f885e8e1ea061ec1d634017c2172341a6?s=96&d=mm&r=g","url":"https:\/\/secure.gravatar.com\/avatar\/1444ab07ba320683ad35d71963c8745f885e8e1ea061ec1d634017c2172341a6?s=96&d=mm&r=g","contentUrl":"https:\/\/secure.gravatar.com\/avatar\/1444ab07ba320683ad35d71963c8745f885e8e1ea061ec1d634017c2172341a6?s=96&d=mm&r=g","caption":"Cristi2412"},"sameAs":["https:\/\/lmtj.ro"],"url":"https:\/\/lmtj.ro\/?author=1"}]}},"_links":{"self":[{"href":"https:\/\/lmtj.ro\/index.php?rest_route=\/wp\/v2\/posts\/6309","targetHints":{"allow":["GET"]}}],"collection":[{"href":"https:\/\/lmtj.ro\/index.php?rest_route=\/wp\/v2\/posts"}],"about":[{"href":"https:\/\/lmtj.ro\/index.php?rest_route=\/wp\/v2\/types\/post"}],"author":[{"embeddable":true,"href":"https:\/\/lmtj.ro\/index.php?rest_route=\/wp\/v2\/users\/1"}],"replies":[{"embeddable":true,"href":"https:\/\/lmtj.ro\/index.php?rest_route=%2Fwp%2Fv2%2Fcomments&post=6309"}],"version-history":[{"count":1,"href":"https:\/\/lmtj.ro\/index.php?rest_route=\/wp\/v2\/posts\/6309\/revisions"}],"predecessor-version":[{"id":6311,"href":"https:\/\/lmtj.ro\/index.php?rest_route=\/wp\/v2\/posts\/6309\/revisions\/6311"}],"wp:featuredmedia":[{"embeddable":true,"href":"https:\/\/lmtj.ro\/index.php?rest_route=\/wp\/v2\/media\/6310"}],"wp:attachment":[{"href":"https:\/\/lmtj.ro\/index.php?rest_route=%2Fwp%2Fv2%2Fmedia&parent=6309"}],"wp:term":[{"taxonomy":"category","embeddable":true,"href":"https:\/\/lmtj.ro\/index.php?rest_route=%2Fwp%2Fv2%2Fcategories&post=6309"},{"taxonomy":"post_tag","embeddable":true,"href":"https:\/\/lmtj.ro\/index.php?rest_route=%2Fwp%2Fv2%2Ftags&post=6309"},{"taxonomy":"post_folder","embeddable":true,"href":"https:\/\/lmtj.ro\/index.php?rest_route=%2Fwp%2Fv2%2Fpost_folder&post=6309"}],"curies":[{"name":"wp","href":"https:\/\/api.w.org\/{rel}","templated":true}]}}