{"id":6019,"date":"2025-01-13T10:35:59","date_gmt":"2025-01-13T10:35:59","guid":{"rendered":"https:\/\/lmtj.ro\/?p=6019"},"modified":"2025-01-13T10:36:00","modified_gmt":"2025-01-13T10:36:00","slug":"parintii-prescolarilor-care-doresc-sa-isi-inscrie-copiii-in-clasa-pregatitoare-in-anul-scolar-2025-2026-la-liceul-de-muzica-tudor-jarda-bistrita-sunt-rugati-sa-completeze-acest-form","status":"publish","type":"post","link":"https:\/\/lmtj.ro\/?p=6019","title":{"rendered":"P\u0103rin\u021bii pre\u0219colarilor care doresc s\u0103 \u00ee\u0219i \u00eenscrie copiii \u00een Clasa Preg\u0103titoare, \u00een anul \u0219colar 2025-2026 la Liceul de Muzic\u0103 \u201dTudor Jarda\u201d Bistri\u021ba sunt ruga\u021bi s\u0103 completeze acest formular de informare"},"content":{"rendered":"\n<p>P\u0103rin\u021bii pre\u0219colarilor care doresc s\u0103 \u00ee\u0219i \u00eenscrie copiii \u00een Clasa Preg\u0103titoare, \u00een anul \u0219colar 2025-2026 la Liceul de Muzic\u0103 \u201dTudor Jarda\u201d Bistri\u021ba sunt ruga\u021bi s\u0103 completeze acest formular de informare.<\/p>\n\n\n\n<p>Men\u021bion\u0103m c\u0103 acest formular nu \u021bine loc de \u00eenscriere \u00een clasa preg\u0103titoare \u0219i nici nu rezerv\u0103 locul copilul dumneavoastr\u0103, doar ne ajuta sa afl\u0103m num\u0103rul doritorilor.<\/p>\n\n\n\n<p>Data \u00eenscrierilor va fi comunicat\u0103 ulterior \u00een func\u021bie de calendarul Ministerului Educa\u021biei, la adresele de e-mail pe care v\u0103 rug\u0103m s\u0103 vi le completa\u021bi cu foarte mare aten\u021bie.<\/p>\n\n\n\n<p><a href=\"https:\/\/docs.google.com\/forms\/d\/e\/1FAIpQLSfoP9LxpYRNyNRlfanaInNTUdkmJKyokrfohqSbZnvM_xp8aA\/viewform?fbclid=IwY2xjawHxy5FleHRuA2FlbQIxMAABHULxfhkCM48anqP_sdyJk1w-kenqKxbrmc4UVVyYomzvJ0b1ZJQG_STHQQ_aem_YlzYG-EPMznlHWaHCUA1Sg\">https:\/\/docs.google.com\/forms\/d\/e\/1FAIpQLSfoP9LxpYRNyNRlfanaInNTUdkmJKyokrfohqSbZnvM_xp8aA\/viewform?fbclid=IwY2xjawHxy5FleHRuA2FlbQIxMAABHULxfhkCM48anqP_sdyJk1w-kenqKxbrmc4UVVyYomzvJ0b1ZJQG_STHQQ_aem_YlzYG-EPMznlHWaHCUA1Sg<\/a><\/p>\n\n\n\n<p><\/p>\n","protected":false},"excerpt":{"rendered":"<p>P\u0103rin\u021bii pre\u0219colarilor care doresc s\u0103 \u00ee\u0219i \u00eenscrie copiii \u00een Clasa Preg\u0103titoare, \u00een anul \u0219colar 2025-2026 la Liceul de Muzic\u0103 \u201dTudor Jarda\u201d Bistri\u021ba sunt ruga\u021bi s\u0103 completeze acest formular de informare. Men\u021bion\u0103m c\u0103 acest formular nu \u021bine loc de \u00eenscriere \u00een clasa preg\u0103titoare \u0219i nici nu rezerv\u0103 locul copilul dumneavoastr\u0103, doar ne ajuta sa afl\u0103m num\u0103rul [&hellip;]<\/p>\n","protected":false},"author":1,"featured_media":6020,"comment_status":"open","ping_status":"open","sticky":false,"template":"","format":"standard","meta":{"site-sidebar-layout":"default","site-content-layout":"","ast-site-content-layout":"default","site-content-style":"default","site-sidebar-style":"default","ast-global-header-display":"","ast-banner-title-visibility":"","ast-main-header-display":"","ast-hfb-above-header-display":"","ast-hfb-below-header-display":"","ast-hfb-mobile-header-display":"","site-post-title":"","ast-breadcrumbs-content":"","ast-featured-img":"","footer-sml-layout":"","ast-disable-related-posts":"","theme-transparent-header-meta":"","adv-header-id-meta":"","stick-header-meta":"","header-above-stick-meta":"","header-main-stick-meta":"","header-below-stick-meta":"","astra-migrate-meta-layouts":"default","ast-page-background-enabled":"default","ast-page-background-meta":{"desktop":{"background-color":"","background-image":"","background-repeat":"repeat","background-position":"center center","background-size":"auto","background-attachment":"scroll","background-type":"","background-media":"","overlay-type":"","overlay-color":"","overlay-opacity":"","overlay-gradient":""},"tablet":{"background-color":"","background-image":"","background-repeat":"repeat","background-position":"center center","background-size":"auto","background-attachment":"scroll","background-type":"","background-media":"","overlay-type":"","overlay-color":"","overlay-opacity":"","overlay-gradient":""},"mobile":{"background-color":"","background-image":"","background-repeat":"repeat","background-position":"center center","background-size":"auto","background-attachment":"scroll","background-type":"","background-media":"","overlay-type":"","overlay-color":"","overlay-opacity":"","overlay-gradient":""}},"ast-content-background-meta":{"desktop":{"background-color":"var(--ast-global-color-5)","background-image":"","background-repeat":"repeat","background-position":"center center","background-size":"auto","background-attachment":"scroll","background-type":"","background-media":"","overlay-type":"","overlay-color":"","overlay-opacity":"","overlay-gradient":""},"tablet":{"background-color":"var(--ast-global-color-5)","background-image":"","background-repeat":"repeat","background-position":"center center","background-size":"auto","background-attachment":"scroll","background-type":"","background-media":"","overlay-type":"","overlay-color":"","overlay-opacity":"","overlay-gradient":""},"mobile":{"background-color":"var(--ast-global-color-5)","background-image":"","background-repeat":"repeat","background-position":"center center","background-size":"auto","background-attachment":"scroll","background-type":"","background-media":"","overlay-type":"","overlay-color":"","overlay-opacity":"","overlay-gradient":""}},"footnotes":""},"categories":[19,16],"tags":[],"post_folder":[],"class_list":["post-6019","post","type-post","status-publish","format-standard","has-post-thumbnail","hentry","category-general","category-probe-aptitudini-clasa-pregatitoare"],"yoast_head":"<!-- This site is optimized with the Yoast SEO plugin v27.2 - https:\/\/yoast.com\/product\/yoast-seo-wordpress\/ -->\n<title>P\u0103rin\u021bii pre\u0219colarilor care doresc s\u0103 \u00ee\u0219i \u00eenscrie copiii \u00een Clasa Preg\u0103titoare, \u00een anul \u0219colar 2025-2026 la Liceul de Muzic\u0103 \u201dTudor Jarda\u201d Bistri\u021ba sunt ruga\u021bi s\u0103 completeze acest formular de informare - Liceul de Muzic\u0103 &quot;Tudor Jarda&quot;<\/title>\n<meta name=\"robots\" content=\"index, follow, max-snippet:-1, max-image-preview:large, max-video-preview:-1\" \/>\n<link rel=\"canonical\" href=\"https:\/\/lmtj.ro\/?p=6019\" \/>\n<meta property=\"og:locale\" content=\"ro_RO\" \/>\n<meta property=\"og:type\" content=\"article\" \/>\n<meta property=\"og:title\" content=\"P\u0103rin\u021bii pre\u0219colarilor care doresc s\u0103 \u00ee\u0219i \u00eenscrie copiii \u00een Clasa Preg\u0103titoare, \u00een anul \u0219colar 2025-2026 la Liceul de Muzic\u0103 \u201dTudor Jarda\u201d Bistri\u021ba sunt ruga\u021bi s\u0103 completeze acest formular de informare - Liceul de Muzic\u0103 &quot;Tudor Jarda&quot;\" \/>\n<meta property=\"og:description\" content=\"P\u0103rin\u021bii pre\u0219colarilor care doresc s\u0103 \u00ee\u0219i \u00eenscrie copiii \u00een Clasa Preg\u0103titoare, \u00een anul \u0219colar 2025-2026 la Liceul de Muzic\u0103 \u201dTudor Jarda\u201d Bistri\u021ba sunt ruga\u021bi s\u0103 completeze acest formular de informare. Men\u021bion\u0103m c\u0103 acest formular nu \u021bine loc de \u00eenscriere \u00een clasa preg\u0103titoare \u0219i nici nu rezerv\u0103 locul copilul dumneavoastr\u0103, doar ne ajuta sa afl\u0103m num\u0103rul [&hellip;]\" \/>\n<meta property=\"og:url\" content=\"https:\/\/lmtj.ro\/?p=6019\" \/>\n<meta property=\"og:site_name\" content=\"Liceul de Muzic\u0103 &quot;Tudor Jarda&quot;\" \/>\n<meta property=\"article:published_time\" content=\"2025-01-13T10:35:59+00:00\" \/>\n<meta property=\"article:modified_time\" content=\"2025-01-13T10:36:00+00:00\" \/>\n<meta property=\"og:image\" content=\"https:\/\/lmtj.ro\/wp-content\/uploads\/2025\/01\/473291765_1101519978651746_2156789106998568770_n.jpg\" \/>\n\t<meta property=\"og:image:width\" content=\"1448\" \/>\n\t<meta property=\"og:image:height\" content=\"2048\" \/>\n\t<meta property=\"og:image:type\" content=\"image\/jpeg\" \/>\n<meta name=\"author\" content=\"Cristi2412\" \/>\n<meta name=\"twitter:card\" content=\"summary_large_image\" \/>\n<meta name=\"twitter:label1\" content=\"Scris de\" \/>\n\t<meta name=\"twitter:data1\" content=\"Cristi2412\" \/>\n\t<meta name=\"twitter:label2\" content=\"Timp estimat pentru citire\" \/>\n\t<meta name=\"twitter:data2\" content=\"1 minut\" \/>\n<script type=\"application\/ld+json\" class=\"yoast-schema-graph\">{\"@context\":\"https:\/\/schema.org\",\"@graph\":[{\"@type\":\"Article\",\"@id\":\"https:\/\/lmtj.ro\/?p=6019#article\",\"isPartOf\":{\"@id\":\"https:\/\/lmtj.ro\/?p=6019\"},\"author\":{\"name\":\"Cristi2412\",\"@id\":\"https:\/\/lmtj.ro\/#\/schema\/person\/251f53cc7f78c47b51b96b6b67ce1dd9\"},\"headline\":\"P\u0103rin\u021bii pre\u0219colarilor care doresc s\u0103 \u00ee\u0219i \u00eenscrie copiii \u00een Clasa Preg\u0103titoare, \u00een anul \u0219colar 2025-2026 la Liceul de Muzic\u0103 \u201dTudor Jarda\u201d Bistri\u021ba sunt ruga\u021bi s\u0103 completeze acest formular de informare\",\"datePublished\":\"2025-01-13T10:35:59+00:00\",\"dateModified\":\"2025-01-13T10:36:00+00:00\",\"mainEntityOfPage\":{\"@id\":\"https:\/\/lmtj.ro\/?p=6019\"},\"wordCount\":163,\"commentCount\":0,\"publisher\":{\"@id\":\"https:\/\/lmtj.ro\/#organization\"},\"image\":{\"@id\":\"https:\/\/lmtj.ro\/?p=6019#primaryimage\"},\"thumbnailUrl\":\"https:\/\/lmtj.ro\/wp-content\/uploads\/2025\/01\/473291765_1101519978651746_2156789106998568770_n.jpg\",\"articleSection\":[\"General\",\"Probe aptitudini clasa pregatitoare\"],\"inLanguage\":\"ro-RO\",\"potentialAction\":[{\"@type\":\"CommentAction\",\"name\":\"Comment\",\"target\":[\"https:\/\/lmtj.ro\/?p=6019#respond\"]}]},{\"@type\":\"WebPage\",\"@id\":\"https:\/\/lmtj.ro\/?p=6019\",\"url\":\"https:\/\/lmtj.ro\/?p=6019\",\"name\":\"P\u0103rin\u021bii pre\u0219colarilor care doresc s\u0103 \u00ee\u0219i \u00eenscrie copiii \u00een Clasa Preg\u0103titoare, \u00een anul \u0219colar 2025-2026 la Liceul de Muzic\u0103 \u201dTudor Jarda\u201d Bistri\u021ba sunt ruga\u021bi s\u0103 completeze acest formular de informare - Liceul de Muzic\u0103 &quot;Tudor Jarda&quot;\",\"isPartOf\":{\"@id\":\"https:\/\/lmtj.ro\/#website\"},\"primaryImageOfPage\":{\"@id\":\"https:\/\/lmtj.ro\/?p=6019#primaryimage\"},\"image\":{\"@id\":\"https:\/\/lmtj.ro\/?p=6019#primaryimage\"},\"thumbnailUrl\":\"https:\/\/lmtj.ro\/wp-content\/uploads\/2025\/01\/473291765_1101519978651746_2156789106998568770_n.jpg\",\"datePublished\":\"2025-01-13T10:35:59+00:00\",\"dateModified\":\"2025-01-13T10:36:00+00:00\",\"breadcrumb\":{\"@id\":\"https:\/\/lmtj.ro\/?p=6019#breadcrumb\"},\"inLanguage\":\"ro-RO\",\"potentialAction\":[{\"@type\":\"ReadAction\",\"target\":[\"https:\/\/lmtj.ro\/?p=6019\"]}]},{\"@type\":\"ImageObject\",\"inLanguage\":\"ro-RO\",\"@id\":\"https:\/\/lmtj.ro\/?p=6019#primaryimage\",\"url\":\"https:\/\/lmtj.ro\/wp-content\/uploads\/2025\/01\/473291765_1101519978651746_2156789106998568770_n.jpg\",\"contentUrl\":\"https:\/\/lmtj.ro\/wp-content\/uploads\/2025\/01\/473291765_1101519978651746_2156789106998568770_n.jpg\",\"width\":1448,\"height\":2048},{\"@type\":\"BreadcrumbList\",\"@id\":\"https:\/\/lmtj.ro\/?p=6019#breadcrumb\",\"itemListElement\":[{\"@type\":\"ListItem\",\"position\":1,\"name\":\"Prima pagin\u0103\",\"item\":\"https:\/\/lmtj.ro\/\"},{\"@type\":\"ListItem\",\"position\":2,\"name\":\"P\u0103rin\u021bii pre\u0219colarilor care doresc s\u0103 \u00ee\u0219i \u00eenscrie copiii \u00een Clasa Preg\u0103titoare, \u00een anul \u0219colar 2025-2026 la Liceul de Muzic\u0103 \u201dTudor Jarda\u201d Bistri\u021ba sunt ruga\u021bi s\u0103 completeze acest formular de informare\"}]},{\"@type\":\"WebSite\",\"@id\":\"https:\/\/lmtj.ro\/#website\",\"url\":\"https:\/\/lmtj.ro\/\",\"name\":\"Liceul de Muzic\u0103 &quot;Tudor Jarda&quot;\",\"description\":\"Liceul de Muzic\u0103 &quot;Tudor Jarda&quot;\",\"publisher\":{\"@id\":\"https:\/\/lmtj.ro\/#organization\"},\"potentialAction\":[{\"@type\":\"SearchAction\",\"target\":{\"@type\":\"EntryPoint\",\"urlTemplate\":\"https:\/\/lmtj.ro\/?s={search_term_string}\"},\"query-input\":{\"@type\":\"PropertyValueSpecification\",\"valueRequired\":true,\"valueName\":\"search_term_string\"}}],\"inLanguage\":\"ro-RO\"},{\"@type\":\"Organization\",\"@id\":\"https:\/\/lmtj.ro\/#organization\",\"name\":\"Liceul de Muzic\u0103 &quot;Tudor Jarda&quot;\",\"url\":\"https:\/\/lmtj.ro\/\",\"logo\":{\"@type\":\"ImageObject\",\"inLanguage\":\"ro-RO\",\"@id\":\"https:\/\/lmtj.ro\/#\/schema\/logo\/image\/\",\"url\":\"https:\/\/lmtj.ro\/wp-content\/uploads\/2021\/03\/cropped-logo_no_background-1.png\",\"contentUrl\":\"https:\/\/lmtj.ro\/wp-content\/uploads\/2021\/03\/cropped-logo_no_background-1.png\",\"width\":464,\"height\":464,\"caption\":\"Liceul de Muzic\u0103 &quot;Tudor Jarda&quot;\"},\"image\":{\"@id\":\"https:\/\/lmtj.ro\/#\/schema\/logo\/image\/\"}},{\"@type\":\"Person\",\"@id\":\"https:\/\/lmtj.ro\/#\/schema\/person\/251f53cc7f78c47b51b96b6b67ce1dd9\",\"name\":\"Cristi2412\",\"image\":{\"@type\":\"ImageObject\",\"inLanguage\":\"ro-RO\",\"@id\":\"https:\/\/secure.gravatar.com\/avatar\/1444ab07ba320683ad35d71963c8745f885e8e1ea061ec1d634017c2172341a6?s=96&d=mm&r=g\",\"url\":\"https:\/\/secure.gravatar.com\/avatar\/1444ab07ba320683ad35d71963c8745f885e8e1ea061ec1d634017c2172341a6?s=96&d=mm&r=g\",\"contentUrl\":\"https:\/\/secure.gravatar.com\/avatar\/1444ab07ba320683ad35d71963c8745f885e8e1ea061ec1d634017c2172341a6?s=96&d=mm&r=g\",\"caption\":\"Cristi2412\"},\"sameAs\":[\"https:\/\/lmtj.ro\"],\"url\":\"https:\/\/lmtj.ro\/?author=1\"}]}<\/script>\n<!-- \/ Yoast SEO plugin. -->","yoast_head_json":{"title":"P\u0103rin\u021bii pre\u0219colarilor care doresc s\u0103 \u00ee\u0219i \u00eenscrie copiii \u00een Clasa Preg\u0103titoare, \u00een anul \u0219colar 2025-2026 la Liceul de Muzic\u0103 \u201dTudor Jarda\u201d Bistri\u021ba sunt ruga\u021bi s\u0103 completeze acest formular de informare - Liceul de Muzic\u0103 &quot;Tudor Jarda&quot;","robots":{"index":"index","follow":"follow","max-snippet":"max-snippet:-1","max-image-preview":"max-image-preview:large","max-video-preview":"max-video-preview:-1"},"canonical":"https:\/\/lmtj.ro\/?p=6019","og_locale":"ro_RO","og_type":"article","og_title":"P\u0103rin\u021bii pre\u0219colarilor care doresc s\u0103 \u00ee\u0219i \u00eenscrie copiii \u00een Clasa Preg\u0103titoare, \u00een anul \u0219colar 2025-2026 la Liceul de Muzic\u0103 \u201dTudor Jarda\u201d Bistri\u021ba sunt ruga\u021bi s\u0103 completeze acest formular de informare - Liceul de Muzic\u0103 &quot;Tudor Jarda&quot;","og_description":"P\u0103rin\u021bii pre\u0219colarilor care doresc s\u0103 \u00ee\u0219i \u00eenscrie copiii \u00een Clasa Preg\u0103titoare, \u00een anul \u0219colar 2025-2026 la Liceul de Muzic\u0103 \u201dTudor Jarda\u201d Bistri\u021ba sunt ruga\u021bi s\u0103 completeze acest formular de informare. Men\u021bion\u0103m c\u0103 acest formular nu \u021bine loc de \u00eenscriere \u00een clasa preg\u0103titoare \u0219i nici nu rezerv\u0103 locul copilul dumneavoastr\u0103, doar ne ajuta sa afl\u0103m num\u0103rul [&hellip;]","og_url":"https:\/\/lmtj.ro\/?p=6019","og_site_name":"Liceul de Muzic\u0103 &quot;Tudor Jarda&quot;","article_published_time":"2025-01-13T10:35:59+00:00","article_modified_time":"2025-01-13T10:36:00+00:00","og_image":[{"width":1448,"height":2048,"url":"https:\/\/lmtj.ro\/wp-content\/uploads\/2025\/01\/473291765_1101519978651746_2156789106998568770_n.jpg","type":"image\/jpeg"}],"author":"Cristi2412","twitter_card":"summary_large_image","twitter_misc":{"Scris de":"Cristi2412","Timp estimat pentru citire":"1 minut"},"schema":{"@context":"https:\/\/schema.org","@graph":[{"@type":"Article","@id":"https:\/\/lmtj.ro\/?p=6019#article","isPartOf":{"@id":"https:\/\/lmtj.ro\/?p=6019"},"author":{"name":"Cristi2412","@id":"https:\/\/lmtj.ro\/#\/schema\/person\/251f53cc7f78c47b51b96b6b67ce1dd9"},"headline":"P\u0103rin\u021bii pre\u0219colarilor care doresc s\u0103 \u00ee\u0219i \u00eenscrie copiii \u00een Clasa Preg\u0103titoare, \u00een anul \u0219colar 2025-2026 la Liceul de Muzic\u0103 \u201dTudor Jarda\u201d Bistri\u021ba sunt ruga\u021bi s\u0103 completeze acest formular de informare","datePublished":"2025-01-13T10:35:59+00:00","dateModified":"2025-01-13T10:36:00+00:00","mainEntityOfPage":{"@id":"https:\/\/lmtj.ro\/?p=6019"},"wordCount":163,"commentCount":0,"publisher":{"@id":"https:\/\/lmtj.ro\/#organization"},"image":{"@id":"https:\/\/lmtj.ro\/?p=6019#primaryimage"},"thumbnailUrl":"https:\/\/lmtj.ro\/wp-content\/uploads\/2025\/01\/473291765_1101519978651746_2156789106998568770_n.jpg","articleSection":["General","Probe aptitudini clasa pregatitoare"],"inLanguage":"ro-RO","potentialAction":[{"@type":"CommentAction","name":"Comment","target":["https:\/\/lmtj.ro\/?p=6019#respond"]}]},{"@type":"WebPage","@id":"https:\/\/lmtj.ro\/?p=6019","url":"https:\/\/lmtj.ro\/?p=6019","name":"P\u0103rin\u021bii pre\u0219colarilor care doresc s\u0103 \u00ee\u0219i \u00eenscrie copiii \u00een Clasa Preg\u0103titoare, \u00een anul \u0219colar 2025-2026 la Liceul de Muzic\u0103 \u201dTudor Jarda\u201d Bistri\u021ba sunt ruga\u021bi s\u0103 completeze acest formular de informare - Liceul de Muzic\u0103 &quot;Tudor Jarda&quot;","isPartOf":{"@id":"https:\/\/lmtj.ro\/#website"},"primaryImageOfPage":{"@id":"https:\/\/lmtj.ro\/?p=6019#primaryimage"},"image":{"@id":"https:\/\/lmtj.ro\/?p=6019#primaryimage"},"thumbnailUrl":"https:\/\/lmtj.ro\/wp-content\/uploads\/2025\/01\/473291765_1101519978651746_2156789106998568770_n.jpg","datePublished":"2025-01-13T10:35:59+00:00","dateModified":"2025-01-13T10:36:00+00:00","breadcrumb":{"@id":"https:\/\/lmtj.ro\/?p=6019#breadcrumb"},"inLanguage":"ro-RO","potentialAction":[{"@type":"ReadAction","target":["https:\/\/lmtj.ro\/?p=6019"]}]},{"@type":"ImageObject","inLanguage":"ro-RO","@id":"https:\/\/lmtj.ro\/?p=6019#primaryimage","url":"https:\/\/lmtj.ro\/wp-content\/uploads\/2025\/01\/473291765_1101519978651746_2156789106998568770_n.jpg","contentUrl":"https:\/\/lmtj.ro\/wp-content\/uploads\/2025\/01\/473291765_1101519978651746_2156789106998568770_n.jpg","width":1448,"height":2048},{"@type":"BreadcrumbList","@id":"https:\/\/lmtj.ro\/?p=6019#breadcrumb","itemListElement":[{"@type":"ListItem","position":1,"name":"Prima pagin\u0103","item":"https:\/\/lmtj.ro\/"},{"@type":"ListItem","position":2,"name":"P\u0103rin\u021bii pre\u0219colarilor care doresc s\u0103 \u00ee\u0219i \u00eenscrie copiii \u00een Clasa Preg\u0103titoare, \u00een anul \u0219colar 2025-2026 la Liceul de Muzic\u0103 \u201dTudor Jarda\u201d Bistri\u021ba sunt ruga\u021bi s\u0103 completeze acest formular de informare"}]},{"@type":"WebSite","@id":"https:\/\/lmtj.ro\/#website","url":"https:\/\/lmtj.ro\/","name":"Liceul de Muzic\u0103 &quot;Tudor Jarda&quot;","description":"Liceul de Muzic\u0103 &quot;Tudor Jarda&quot;","publisher":{"@id":"https:\/\/lmtj.ro\/#organization"},"potentialAction":[{"@type":"SearchAction","target":{"@type":"EntryPoint","urlTemplate":"https:\/\/lmtj.ro\/?s={search_term_string}"},"query-input":{"@type":"PropertyValueSpecification","valueRequired":true,"valueName":"search_term_string"}}],"inLanguage":"ro-RO"},{"@type":"Organization","@id":"https:\/\/lmtj.ro\/#organization","name":"Liceul de Muzic\u0103 &quot;Tudor Jarda&quot;","url":"https:\/\/lmtj.ro\/","logo":{"@type":"ImageObject","inLanguage":"ro-RO","@id":"https:\/\/lmtj.ro\/#\/schema\/logo\/image\/","url":"https:\/\/lmtj.ro\/wp-content\/uploads\/2021\/03\/cropped-logo_no_background-1.png","contentUrl":"https:\/\/lmtj.ro\/wp-content\/uploads\/2021\/03\/cropped-logo_no_background-1.png","width":464,"height":464,"caption":"Liceul de Muzic\u0103 &quot;Tudor Jarda&quot;"},"image":{"@id":"https:\/\/lmtj.ro\/#\/schema\/logo\/image\/"}},{"@type":"Person","@id":"https:\/\/lmtj.ro\/#\/schema\/person\/251f53cc7f78c47b51b96b6b67ce1dd9","name":"Cristi2412","image":{"@type":"ImageObject","inLanguage":"ro-RO","@id":"https:\/\/secure.gravatar.com\/avatar\/1444ab07ba320683ad35d71963c8745f885e8e1ea061ec1d634017c2172341a6?s=96&d=mm&r=g","url":"https:\/\/secure.gravatar.com\/avatar\/1444ab07ba320683ad35d71963c8745f885e8e1ea061ec1d634017c2172341a6?s=96&d=mm&r=g","contentUrl":"https:\/\/secure.gravatar.com\/avatar\/1444ab07ba320683ad35d71963c8745f885e8e1ea061ec1d634017c2172341a6?s=96&d=mm&r=g","caption":"Cristi2412"},"sameAs":["https:\/\/lmtj.ro"],"url":"https:\/\/lmtj.ro\/?author=1"}]}},"_links":{"self":[{"href":"https:\/\/lmtj.ro\/index.php?rest_route=\/wp\/v2\/posts\/6019","targetHints":{"allow":["GET"]}}],"collection":[{"href":"https:\/\/lmtj.ro\/index.php?rest_route=\/wp\/v2\/posts"}],"about":[{"href":"https:\/\/lmtj.ro\/index.php?rest_route=\/wp\/v2\/types\/post"}],"author":[{"embeddable":true,"href":"https:\/\/lmtj.ro\/index.php?rest_route=\/wp\/v2\/users\/1"}],"replies":[{"embeddable":true,"href":"https:\/\/lmtj.ro\/index.php?rest_route=%2Fwp%2Fv2%2Fcomments&post=6019"}],"version-history":[{"count":1,"href":"https:\/\/lmtj.ro\/index.php?rest_route=\/wp\/v2\/posts\/6019\/revisions"}],"predecessor-version":[{"id":6021,"href":"https:\/\/lmtj.ro\/index.php?rest_route=\/wp\/v2\/posts\/6019\/revisions\/6021"}],"wp:featuredmedia":[{"embeddable":true,"href":"https:\/\/lmtj.ro\/index.php?rest_route=\/wp\/v2\/media\/6020"}],"wp:attachment":[{"href":"https:\/\/lmtj.ro\/index.php?rest_route=%2Fwp%2Fv2%2Fmedia&parent=6019"}],"wp:term":[{"taxonomy":"category","embeddable":true,"href":"https:\/\/lmtj.ro\/index.php?rest_route=%2Fwp%2Fv2%2Fcategories&post=6019"},{"taxonomy":"post_tag","embeddable":true,"href":"https:\/\/lmtj.ro\/index.php?rest_route=%2Fwp%2Fv2%2Ftags&post=6019"},{"taxonomy":"post_folder","embeddable":true,"href":"https:\/\/lmtj.ro\/index.php?rest_route=%2Fwp%2Fv2%2Fpost_folder&post=6019"}],"curies":[{"name":"wp","href":"https:\/\/api.w.org\/{rel}","templated":true}]}}