{"id":4995,"date":"2024-01-23T09:51:57","date_gmt":"2024-01-23T09:51:57","guid":{"rendered":"https:\/\/lmtj.ro\/?p=4995"},"modified":"2024-01-25T12:29:11","modified_gmt":"2024-01-25T12:29:11","slug":"inscriere-in-clasa-pregatitoare","status":"publish","type":"post","link":"https:\/\/lmtj.ro\/?p=4995","title":{"rendered":"Liceul de Muzic\u0103 \u201dTudor Jarda\u201d va organiza Admitere pentru admiterea \u00een clasa pregatitoare, anul \u0219colar 2024-2025"},"content":{"rendered":"\n<p>A\u0219tept\u0103m, de asemenea, to\u021bi prichindeii talenta\u021bi s\u0103 se al\u0103ture familiei noastre, unde orice vis poate deveni realitate! Oferim aceea\u0219i program\u0103 pentru disciplinele de cultur\u0103 general\u0103 ca \u015fi \u00een \u00eenv\u0103\u0163\u0103m\u00e2ntul de mas\u0103, la care se adaug\u0103 \u00eencep\u00e2nd cu clasa I, patru ore pentru preg\u0103tirea teoretic\u0103 \u015fi de specialitate (studiul individual al unui instrument muzical: pian, vioar\u0103, chitar\u0103 clarinet \u0219i flaut).<br>P\u0103rin\u021bii pre\u0219colarilor care doresc s\u0103-\u0219i \u00eenscrie copiii \u00een clasa preg\u0103titoare, \u00een anul \u0219colar 2024-2025 sunt ruga\u021bi s\u0103 completeze urm\u0103torul formular pentru a primi informa\u021bii utile. Completarea acestui formular nu rezerv\u0103 locul pre\u0219colarului in clas\u0103.<\/p>\n\n\n\n<p><a href=\"https:\/\/docs.google.com\/forms\/u\/8\/d\/1I_X1X6h4nYvXJjxacNPv9Li7qaaMIZI5dYDX0Dmr8vk\/edit\">https:\/\/docs.google.com\/forms\/u\/8\/d\/1I_X1X6h4nYvXJjxacNPv9Li7qaaMIZI5dYDX0Dmr8vk\/edit<\/a><\/p>\n\n\n\n<figure class=\"wp-block-gallery has-nested-images columns-1 is-cropped wp-block-gallery-1 is-layout-flex wp-block-gallery-is-layout-flex\">\n<figure class=\"wp-block-image size-large\"><img fetchpriority=\"high\" decoding=\"async\" width=\"725\" height=\"1024\" data-id=\"5008\" src=\"https:\/\/lmtj.ro\/wp-content\/uploads\/2024\/01\/afis-725x1024.jpeg\" alt=\"\" class=\"wp-image-5008\" srcset=\"https:\/\/lmtj.ro\/wp-content\/uploads\/2024\/01\/afis-725x1024.jpeg 725w, https:\/\/lmtj.ro\/wp-content\/uploads\/2024\/01\/afis-212x300.jpeg 212w, https:\/\/lmtj.ro\/wp-content\/uploads\/2024\/01\/afis-768x1085.jpeg 768w, https:\/\/lmtj.ro\/wp-content\/uploads\/2024\/01\/afis-1087x1536.jpeg 1087w, https:\/\/lmtj.ro\/wp-content\/uploads\/2024\/01\/afis.jpeg 1132w\" sizes=\"(max-width: 725px) 100vw, 725px\" \/><\/figure>\n\n\n\n<figure class=\"wp-block-image size-large\"><img decoding=\"async\" width=\"1024\" height=\"791\" data-id=\"5006\" src=\"https:\/\/lmtj.ro\/wp-content\/uploads\/2024\/01\/p-1-1024x791.jpeg\" alt=\"\" class=\"wp-image-5006\" srcset=\"https:\/\/lmtj.ro\/wp-content\/uploads\/2024\/01\/p-1-1024x791.jpeg 1024w, https:\/\/lmtj.ro\/wp-content\/uploads\/2024\/01\/p-1-300x232.jpeg 300w, https:\/\/lmtj.ro\/wp-content\/uploads\/2024\/01\/p-1-768x594.jpeg 768w, https:\/\/lmtj.ro\/wp-content\/uploads\/2024\/01\/p-1-1536x1187.jpeg 1536w, https:\/\/lmtj.ro\/wp-content\/uploads\/2024\/01\/p-1.jpeg 1563w\" sizes=\"(max-width: 1024px) 100vw, 1024px\" \/><\/figure>\n\n\n\n<figure class=\"wp-block-image size-large\"><img decoding=\"async\" width=\"1024\" height=\"791\" data-id=\"5007\" src=\"https:\/\/lmtj.ro\/wp-content\/uploads\/2024\/01\/p-2-1024x791.jpeg\" alt=\"\" class=\"wp-image-5007\" srcset=\"https:\/\/lmtj.ro\/wp-content\/uploads\/2024\/01\/p-2-1024x791.jpeg 1024w, https:\/\/lmtj.ro\/wp-content\/uploads\/2024\/01\/p-2-300x232.jpeg 300w, https:\/\/lmtj.ro\/wp-content\/uploads\/2024\/01\/p-2-768x594.jpeg 768w, https:\/\/lmtj.ro\/wp-content\/uploads\/2024\/01\/p-2-1536x1187.jpeg 1536w, https:\/\/lmtj.ro\/wp-content\/uploads\/2024\/01\/p-2.jpeg 1563w\" sizes=\"(max-width: 1024px) 100vw, 1024px\" \/><\/figure>\n<\/figure>\n\n\n\n<figure class=\"wp-block-gallery has-nested-images columns-default is-cropped wp-block-gallery-2 is-layout-flex wp-block-gallery-is-layout-flex\"><\/figure>\n\n\n\n<p><\/p>\n","protected":false},"excerpt":{"rendered":"<p>A\u0219tept\u0103m, de asemenea, to\u021bi prichindeii talenta\u021bi s\u0103 se al\u0103ture familiei noastre, unde orice vis poate deveni realitate! Oferim aceea\u0219i program\u0103 pentru disciplinele de cultur\u0103 general\u0103 ca \u015fi \u00een \u00eenv\u0103\u0163\u0103m\u00e2ntul de mas\u0103, la care se adaug\u0103 \u00eencep\u00e2nd cu clasa I, patru ore pentru preg\u0103tirea teoretic\u0103 \u015fi de specialitate (studiul individual al unui instrument muzical: pian, vioar\u0103, [&hellip;]<\/p>\n","protected":false},"author":1,"featured_media":0,"comment_status":"open","ping_status":"open","sticky":false,"template":"","format":"standard","meta":{"site-sidebar-layout":"default","site-content-layout":"","ast-site-content-layout":"default","site-content-style":"default","site-sidebar-style":"default","ast-global-header-display":"","ast-banner-title-visibility":"","ast-main-header-display":"","ast-hfb-above-header-display":"","ast-hfb-below-header-display":"","ast-hfb-mobile-header-display":"","site-post-title":"","ast-breadcrumbs-content":"","ast-featured-img":"","footer-sml-layout":"","ast-disable-related-posts":"","theme-transparent-header-meta":"","adv-header-id-meta":"","stick-header-meta":"","header-above-stick-meta":"","header-main-stick-meta":"","header-below-stick-meta":"","astra-migrate-meta-layouts":"default","ast-page-background-enabled":"default","ast-page-background-meta":{"desktop":{"background-color":"","background-image":"","background-repeat":"repeat","background-position":"center center","background-size":"auto","background-attachment":"scroll","background-type":"","background-media":"","overlay-type":"","overlay-color":"","overlay-opacity":"","overlay-gradient":""},"tablet":{"background-color":"","background-image":"","background-repeat":"repeat","background-position":"center center","background-size":"auto","background-attachment":"scroll","background-type":"","background-media":"","overlay-type":"","overlay-color":"","overlay-opacity":"","overlay-gradient":""},"mobile":{"background-color":"","background-image":"","background-repeat":"repeat","background-position":"center center","background-size":"auto","background-attachment":"scroll","background-type":"","background-media":"","overlay-type":"","overlay-color":"","overlay-opacity":"","overlay-gradient":""}},"ast-content-background-meta":{"desktop":{"background-color":"var(--ast-global-color-5)","background-image":"","background-repeat":"repeat","background-position":"center center","background-size":"auto","background-attachment":"scroll","background-type":"","background-media":"","overlay-type":"","overlay-color":"","overlay-opacity":"","overlay-gradient":""},"tablet":{"background-color":"var(--ast-global-color-5)","background-image":"","background-repeat":"repeat","background-position":"center center","background-size":"auto","background-attachment":"scroll","background-type":"","background-media":"","overlay-type":"","overlay-color":"","overlay-opacity":"","overlay-gradient":""},"mobile":{"background-color":"var(--ast-global-color-5)","background-image":"","background-repeat":"repeat","background-position":"center center","background-size":"auto","background-attachment":"scroll","background-type":"","background-media":"","overlay-type":"","overlay-color":"","overlay-opacity":"","overlay-gradient":""}},"footnotes":""},"categories":[19,16],"tags":[],"post_folder":[],"class_list":["post-4995","post","type-post","status-publish","format-standard","hentry","category-general","category-probe-aptitudini-clasa-pregatitoare"],"yoast_head":"<!-- This site is optimized with the Yoast SEO plugin v27.2 - https:\/\/yoast.com\/product\/yoast-seo-wordpress\/ -->\n<title>Liceul de Muzic\u0103 \u201dTudor Jarda\u201d va organiza Admitere pentru admiterea \u00een clasa pregatitoare, anul \u0219colar 2024-2025 - Liceul de Muzic\u0103 &quot;Tudor Jarda&quot;<\/title>\n<meta name=\"robots\" content=\"index, follow, max-snippet:-1, max-image-preview:large, max-video-preview:-1\" \/>\n<link rel=\"canonical\" href=\"https:\/\/lmtj.ro\/?p=4995\" \/>\n<meta property=\"og:locale\" content=\"ro_RO\" \/>\n<meta property=\"og:type\" content=\"article\" \/>\n<meta property=\"og:title\" content=\"Liceul de Muzic\u0103 \u201dTudor Jarda\u201d va organiza Admitere pentru admiterea \u00een clasa pregatitoare, anul \u0219colar 2024-2025 - Liceul de Muzic\u0103 &quot;Tudor Jarda&quot;\" \/>\n<meta property=\"og:description\" content=\"A\u0219tept\u0103m, de asemenea, to\u021bi prichindeii talenta\u021bi s\u0103 se al\u0103ture familiei noastre, unde orice vis poate deveni realitate! Oferim aceea\u0219i program\u0103 pentru disciplinele de cultur\u0103 general\u0103 ca \u015fi \u00een \u00eenv\u0103\u0163\u0103m\u00e2ntul de mas\u0103, la care se adaug\u0103 \u00eencep\u00e2nd cu clasa I, patru ore pentru preg\u0103tirea teoretic\u0103 \u015fi de specialitate (studiul individual al unui instrument muzical: pian, vioar\u0103, [&hellip;]\" \/>\n<meta property=\"og:url\" content=\"https:\/\/lmtj.ro\/?p=4995\" \/>\n<meta property=\"og:site_name\" content=\"Liceul de Muzic\u0103 &quot;Tudor Jarda&quot;\" \/>\n<meta property=\"article:published_time\" content=\"2024-01-23T09:51:57+00:00\" \/>\n<meta property=\"article:modified_time\" content=\"2024-01-25T12:29:11+00:00\" \/>\n<meta property=\"og:image\" content=\"https:\/\/lmtj.ro\/wp-content\/uploads\/2024\/01\/afis.jpeg\" \/>\n\t<meta property=\"og:image:width\" content=\"1132\" \/>\n\t<meta property=\"og:image:height\" content=\"1599\" \/>\n\t<meta property=\"og:image:type\" content=\"image\/jpeg\" \/>\n<meta name=\"author\" content=\"Cristi2412\" \/>\n<meta name=\"twitter:card\" content=\"summary_large_image\" \/>\n<meta name=\"twitter:label1\" content=\"Scris de\" \/>\n\t<meta name=\"twitter:data1\" content=\"Cristi2412\" \/>\n\t<meta name=\"twitter:label2\" content=\"Timp estimat pentru citire\" \/>\n\t<meta name=\"twitter:data2\" content=\"1 minut\" \/>\n<script type=\"application\/ld+json\" class=\"yoast-schema-graph\">{\"@context\":\"https:\/\/schema.org\",\"@graph\":[{\"@type\":\"Article\",\"@id\":\"https:\/\/lmtj.ro\/?p=4995#article\",\"isPartOf\":{\"@id\":\"https:\/\/lmtj.ro\/?p=4995\"},\"author\":{\"name\":\"Cristi2412\",\"@id\":\"https:\/\/lmtj.ro\/#\/schema\/person\/251f53cc7f78c47b51b96b6b67ce1dd9\"},\"headline\":\"Liceul de Muzic\u0103 \u201dTudor Jarda\u201d va organiza Admitere pentru admiterea \u00een clasa pregatitoare, anul \u0219colar 2024-2025\",\"datePublished\":\"2024-01-23T09:51:57+00:00\",\"dateModified\":\"2024-01-25T12:29:11+00:00\",\"mainEntityOfPage\":{\"@id\":\"https:\/\/lmtj.ro\/?p=4995\"},\"wordCount\":147,\"commentCount\":0,\"publisher\":{\"@id\":\"https:\/\/lmtj.ro\/#organization\"},\"image\":{\"@id\":\"https:\/\/lmtj.ro\/?p=4995#primaryimage\"},\"thumbnailUrl\":\"https:\/\/lmtj.ro\/wp-content\/uploads\/2024\/01\/afis-725x1024.jpeg\",\"articleSection\":[\"General\",\"Probe aptitudini clasa pregatitoare\"],\"inLanguage\":\"ro-RO\",\"potentialAction\":[{\"@type\":\"CommentAction\",\"name\":\"Comment\",\"target\":[\"https:\/\/lmtj.ro\/?p=4995#respond\"]}]},{\"@type\":\"WebPage\",\"@id\":\"https:\/\/lmtj.ro\/?p=4995\",\"url\":\"https:\/\/lmtj.ro\/?p=4995\",\"name\":\"Liceul de Muzic\u0103 \u201dTudor Jarda\u201d va organiza Admitere pentru admiterea \u00een clasa pregatitoare, anul \u0219colar 2024-2025 - Liceul de Muzic\u0103 &quot;Tudor Jarda&quot;\",\"isPartOf\":{\"@id\":\"https:\/\/lmtj.ro\/#website\"},\"primaryImageOfPage\":{\"@id\":\"https:\/\/lmtj.ro\/?p=4995#primaryimage\"},\"image\":{\"@id\":\"https:\/\/lmtj.ro\/?p=4995#primaryimage\"},\"thumbnailUrl\":\"https:\/\/lmtj.ro\/wp-content\/uploads\/2024\/01\/afis-725x1024.jpeg\",\"datePublished\":\"2024-01-23T09:51:57+00:00\",\"dateModified\":\"2024-01-25T12:29:11+00:00\",\"breadcrumb\":{\"@id\":\"https:\/\/lmtj.ro\/?p=4995#breadcrumb\"},\"inLanguage\":\"ro-RO\",\"potentialAction\":[{\"@type\":\"ReadAction\",\"target\":[\"https:\/\/lmtj.ro\/?p=4995\"]}]},{\"@type\":\"ImageObject\",\"inLanguage\":\"ro-RO\",\"@id\":\"https:\/\/lmtj.ro\/?p=4995#primaryimage\",\"url\":\"https:\/\/lmtj.ro\/wp-content\/uploads\/2024\/01\/afis.jpeg\",\"contentUrl\":\"https:\/\/lmtj.ro\/wp-content\/uploads\/2024\/01\/afis.jpeg\",\"width\":1132,\"height\":1599},{\"@type\":\"BreadcrumbList\",\"@id\":\"https:\/\/lmtj.ro\/?p=4995#breadcrumb\",\"itemListElement\":[{\"@type\":\"ListItem\",\"position\":1,\"name\":\"Prima pagin\u0103\",\"item\":\"https:\/\/lmtj.ro\/\"},{\"@type\":\"ListItem\",\"position\":2,\"name\":\"Liceul de Muzic\u0103 \u201dTudor Jarda\u201d va organiza Admitere pentru admiterea \u00een clasa pregatitoare, anul \u0219colar 2024-2025\"}]},{\"@type\":\"WebSite\",\"@id\":\"https:\/\/lmtj.ro\/#website\",\"url\":\"https:\/\/lmtj.ro\/\",\"name\":\"Liceul de Muzic\u0103 &quot;Tudor Jarda&quot;\",\"description\":\"Liceul de Muzic\u0103 &quot;Tudor Jarda&quot;\",\"publisher\":{\"@id\":\"https:\/\/lmtj.ro\/#organization\"},\"potentialAction\":[{\"@type\":\"SearchAction\",\"target\":{\"@type\":\"EntryPoint\",\"urlTemplate\":\"https:\/\/lmtj.ro\/?s={search_term_string}\"},\"query-input\":{\"@type\":\"PropertyValueSpecification\",\"valueRequired\":true,\"valueName\":\"search_term_string\"}}],\"inLanguage\":\"ro-RO\"},{\"@type\":\"Organization\",\"@id\":\"https:\/\/lmtj.ro\/#organization\",\"name\":\"Liceul de Muzic\u0103 &quot;Tudor Jarda&quot;\",\"url\":\"https:\/\/lmtj.ro\/\",\"logo\":{\"@type\":\"ImageObject\",\"inLanguage\":\"ro-RO\",\"@id\":\"https:\/\/lmtj.ro\/#\/schema\/logo\/image\/\",\"url\":\"https:\/\/lmtj.ro\/wp-content\/uploads\/2021\/03\/cropped-logo_no_background-1.png\",\"contentUrl\":\"https:\/\/lmtj.ro\/wp-content\/uploads\/2021\/03\/cropped-logo_no_background-1.png\",\"width\":464,\"height\":464,\"caption\":\"Liceul de Muzic\u0103 &quot;Tudor Jarda&quot;\"},\"image\":{\"@id\":\"https:\/\/lmtj.ro\/#\/schema\/logo\/image\/\"}},{\"@type\":\"Person\",\"@id\":\"https:\/\/lmtj.ro\/#\/schema\/person\/251f53cc7f78c47b51b96b6b67ce1dd9\",\"name\":\"Cristi2412\",\"image\":{\"@type\":\"ImageObject\",\"inLanguage\":\"ro-RO\",\"@id\":\"https:\/\/secure.gravatar.com\/avatar\/1444ab07ba320683ad35d71963c8745f885e8e1ea061ec1d634017c2172341a6?s=96&d=mm&r=g\",\"url\":\"https:\/\/secure.gravatar.com\/avatar\/1444ab07ba320683ad35d71963c8745f885e8e1ea061ec1d634017c2172341a6?s=96&d=mm&r=g\",\"contentUrl\":\"https:\/\/secure.gravatar.com\/avatar\/1444ab07ba320683ad35d71963c8745f885e8e1ea061ec1d634017c2172341a6?s=96&d=mm&r=g\",\"caption\":\"Cristi2412\"},\"sameAs\":[\"https:\/\/lmtj.ro\"],\"url\":\"https:\/\/lmtj.ro\/?author=1\"}]}<\/script>\n<!-- \/ Yoast SEO plugin. -->","yoast_head_json":{"title":"Liceul de Muzic\u0103 \u201dTudor Jarda\u201d va organiza Admitere pentru admiterea \u00een clasa pregatitoare, anul \u0219colar 2024-2025 - Liceul de Muzic\u0103 &quot;Tudor Jarda&quot;","robots":{"index":"index","follow":"follow","max-snippet":"max-snippet:-1","max-image-preview":"max-image-preview:large","max-video-preview":"max-video-preview:-1"},"canonical":"https:\/\/lmtj.ro\/?p=4995","og_locale":"ro_RO","og_type":"article","og_title":"Liceul de Muzic\u0103 \u201dTudor Jarda\u201d va organiza Admitere pentru admiterea \u00een clasa pregatitoare, anul \u0219colar 2024-2025 - Liceul de Muzic\u0103 &quot;Tudor Jarda&quot;","og_description":"A\u0219tept\u0103m, de asemenea, to\u021bi prichindeii talenta\u021bi s\u0103 se al\u0103ture familiei noastre, unde orice vis poate deveni realitate! Oferim aceea\u0219i program\u0103 pentru disciplinele de cultur\u0103 general\u0103 ca \u015fi \u00een \u00eenv\u0103\u0163\u0103m\u00e2ntul de mas\u0103, la care se adaug\u0103 \u00eencep\u00e2nd cu clasa I, patru ore pentru preg\u0103tirea teoretic\u0103 \u015fi de specialitate (studiul individual al unui instrument muzical: pian, vioar\u0103, [&hellip;]","og_url":"https:\/\/lmtj.ro\/?p=4995","og_site_name":"Liceul de Muzic\u0103 &quot;Tudor Jarda&quot;","article_published_time":"2024-01-23T09:51:57+00:00","article_modified_time":"2024-01-25T12:29:11+00:00","og_image":[{"width":1132,"height":1599,"url":"https:\/\/lmtj.ro\/wp-content\/uploads\/2024\/01\/afis.jpeg","type":"image\/jpeg"}],"author":"Cristi2412","twitter_card":"summary_large_image","twitter_misc":{"Scris de":"Cristi2412","Timp estimat pentru citire":"1 minut"},"schema":{"@context":"https:\/\/schema.org","@graph":[{"@type":"Article","@id":"https:\/\/lmtj.ro\/?p=4995#article","isPartOf":{"@id":"https:\/\/lmtj.ro\/?p=4995"},"author":{"name":"Cristi2412","@id":"https:\/\/lmtj.ro\/#\/schema\/person\/251f53cc7f78c47b51b96b6b67ce1dd9"},"headline":"Liceul de Muzic\u0103 \u201dTudor Jarda\u201d va organiza Admitere pentru admiterea \u00een clasa pregatitoare, anul \u0219colar 2024-2025","datePublished":"2024-01-23T09:51:57+00:00","dateModified":"2024-01-25T12:29:11+00:00","mainEntityOfPage":{"@id":"https:\/\/lmtj.ro\/?p=4995"},"wordCount":147,"commentCount":0,"publisher":{"@id":"https:\/\/lmtj.ro\/#organization"},"image":{"@id":"https:\/\/lmtj.ro\/?p=4995#primaryimage"},"thumbnailUrl":"https:\/\/lmtj.ro\/wp-content\/uploads\/2024\/01\/afis-725x1024.jpeg","articleSection":["General","Probe aptitudini clasa pregatitoare"],"inLanguage":"ro-RO","potentialAction":[{"@type":"CommentAction","name":"Comment","target":["https:\/\/lmtj.ro\/?p=4995#respond"]}]},{"@type":"WebPage","@id":"https:\/\/lmtj.ro\/?p=4995","url":"https:\/\/lmtj.ro\/?p=4995","name":"Liceul de Muzic\u0103 \u201dTudor Jarda\u201d va organiza Admitere pentru admiterea \u00een clasa pregatitoare, anul \u0219colar 2024-2025 - Liceul de Muzic\u0103 &quot;Tudor Jarda&quot;","isPartOf":{"@id":"https:\/\/lmtj.ro\/#website"},"primaryImageOfPage":{"@id":"https:\/\/lmtj.ro\/?p=4995#primaryimage"},"image":{"@id":"https:\/\/lmtj.ro\/?p=4995#primaryimage"},"thumbnailUrl":"https:\/\/lmtj.ro\/wp-content\/uploads\/2024\/01\/afis-725x1024.jpeg","datePublished":"2024-01-23T09:51:57+00:00","dateModified":"2024-01-25T12:29:11+00:00","breadcrumb":{"@id":"https:\/\/lmtj.ro\/?p=4995#breadcrumb"},"inLanguage":"ro-RO","potentialAction":[{"@type":"ReadAction","target":["https:\/\/lmtj.ro\/?p=4995"]}]},{"@type":"ImageObject","inLanguage":"ro-RO","@id":"https:\/\/lmtj.ro\/?p=4995#primaryimage","url":"https:\/\/lmtj.ro\/wp-content\/uploads\/2024\/01\/afis.jpeg","contentUrl":"https:\/\/lmtj.ro\/wp-content\/uploads\/2024\/01\/afis.jpeg","width":1132,"height":1599},{"@type":"BreadcrumbList","@id":"https:\/\/lmtj.ro\/?p=4995#breadcrumb","itemListElement":[{"@type":"ListItem","position":1,"name":"Prima pagin\u0103","item":"https:\/\/lmtj.ro\/"},{"@type":"ListItem","position":2,"name":"Liceul de Muzic\u0103 \u201dTudor Jarda\u201d va organiza Admitere pentru admiterea \u00een clasa pregatitoare, anul \u0219colar 2024-2025"}]},{"@type":"WebSite","@id":"https:\/\/lmtj.ro\/#website","url":"https:\/\/lmtj.ro\/","name":"Liceul de Muzic\u0103 &quot;Tudor Jarda&quot;","description":"Liceul de Muzic\u0103 &quot;Tudor Jarda&quot;","publisher":{"@id":"https:\/\/lmtj.ro\/#organization"},"potentialAction":[{"@type":"SearchAction","target":{"@type":"EntryPoint","urlTemplate":"https:\/\/lmtj.ro\/?s={search_term_string}"},"query-input":{"@type":"PropertyValueSpecification","valueRequired":true,"valueName":"search_term_string"}}],"inLanguage":"ro-RO"},{"@type":"Organization","@id":"https:\/\/lmtj.ro\/#organization","name":"Liceul de Muzic\u0103 &quot;Tudor Jarda&quot;","url":"https:\/\/lmtj.ro\/","logo":{"@type":"ImageObject","inLanguage":"ro-RO","@id":"https:\/\/lmtj.ro\/#\/schema\/logo\/image\/","url":"https:\/\/lmtj.ro\/wp-content\/uploads\/2021\/03\/cropped-logo_no_background-1.png","contentUrl":"https:\/\/lmtj.ro\/wp-content\/uploads\/2021\/03\/cropped-logo_no_background-1.png","width":464,"height":464,"caption":"Liceul de Muzic\u0103 &quot;Tudor Jarda&quot;"},"image":{"@id":"https:\/\/lmtj.ro\/#\/schema\/logo\/image\/"}},{"@type":"Person","@id":"https:\/\/lmtj.ro\/#\/schema\/person\/251f53cc7f78c47b51b96b6b67ce1dd9","name":"Cristi2412","image":{"@type":"ImageObject","inLanguage":"ro-RO","@id":"https:\/\/secure.gravatar.com\/avatar\/1444ab07ba320683ad35d71963c8745f885e8e1ea061ec1d634017c2172341a6?s=96&d=mm&r=g","url":"https:\/\/secure.gravatar.com\/avatar\/1444ab07ba320683ad35d71963c8745f885e8e1ea061ec1d634017c2172341a6?s=96&d=mm&r=g","contentUrl":"https:\/\/secure.gravatar.com\/avatar\/1444ab07ba320683ad35d71963c8745f885e8e1ea061ec1d634017c2172341a6?s=96&d=mm&r=g","caption":"Cristi2412"},"sameAs":["https:\/\/lmtj.ro"],"url":"https:\/\/lmtj.ro\/?author=1"}]}},"_links":{"self":[{"href":"https:\/\/lmtj.ro\/index.php?rest_route=\/wp\/v2\/posts\/4995","targetHints":{"allow":["GET"]}}],"collection":[{"href":"https:\/\/lmtj.ro\/index.php?rest_route=\/wp\/v2\/posts"}],"about":[{"href":"https:\/\/lmtj.ro\/index.php?rest_route=\/wp\/v2\/types\/post"}],"author":[{"embeddable":true,"href":"https:\/\/lmtj.ro\/index.php?rest_route=\/wp\/v2\/users\/1"}],"replies":[{"embeddable":true,"href":"https:\/\/lmtj.ro\/index.php?rest_route=%2Fwp%2Fv2%2Fcomments&post=4995"}],"version-history":[{"count":9,"href":"https:\/\/lmtj.ro\/index.php?rest_route=\/wp\/v2\/posts\/4995\/revisions"}],"predecessor-version":[{"id":5072,"href":"https:\/\/lmtj.ro\/index.php?rest_route=\/wp\/v2\/posts\/4995\/revisions\/5072"}],"wp:attachment":[{"href":"https:\/\/lmtj.ro\/index.php?rest_route=%2Fwp%2Fv2%2Fmedia&parent=4995"}],"wp:term":[{"taxonomy":"category","embeddable":true,"href":"https:\/\/lmtj.ro\/index.php?rest_route=%2Fwp%2Fv2%2Fcategories&post=4995"},{"taxonomy":"post_tag","embeddable":true,"href":"https:\/\/lmtj.ro\/index.php?rest_route=%2Fwp%2Fv2%2Ftags&post=4995"},{"taxonomy":"post_folder","embeddable":true,"href":"https:\/\/lmtj.ro\/index.php?rest_route=%2Fwp%2Fv2%2Fpost_folder&post=4995"}],"curies":[{"name":"wp","href":"https:\/\/api.w.org\/{rel}","templated":true}]}}