{"id":2021,"date":"2021-02-19T08:48:00","date_gmt":"2021-02-19T08:48:00","guid":{"rendered":"https:\/\/lmtj.ro\/?p=2021"},"modified":"2021-03-16T08:49:50","modified_gmt":"2021-03-16T08:49:50","slug":"concert-aniversar-dedicat-zilelor-liceului-tudor-jarda","status":"publish","type":"post","link":"https:\/\/lmtj.ro\/?p=2021","title":{"rendered":"Concert aniversar dedicat zilelor Liceului &#8222;Tudor Jarda&#8221;"},"content":{"rendered":"\n<p>V\u0103 invit\u0103m maine, 20 Februarie ora 18:00, la un concert de muzic\u0103, poezie si teatru, sus\u021binut cu ocazia zilelor Liceului de Muzic\u0103 &#8222;Tudor Jarda&#8221;<br>Concertul se va transmite in premier\u0103 pe canalul nostru de YouTube si aici, pe pagina de Facebook.<br>V\u0103 a\u0219tept\u0103m!<br>https:\/\/youtu.be\/A9iD0y0jKCk<\/p>\n\n\n\n<ol class=\"wp-block-list\"><li>Niste Miriam clasa a III-a, pian- Studiu, C. Czerny, prof.Elena Oniga<br>2.Popa Drago\u0219, clasa a VII-a, chitar\u0103 &#8211; Capriciu de J.K. Mertz , prof. Valentin Pop<\/li><li>Ursa Iulia, clasa a IX-a B &#8211; \u201dDe Dragoste\u201d de Ioan Pintea, prof. Roxana Kovacs<\/li><li>Teodora Florea, clasa a XI-a, canto popular \u2013 Doina \u201dD\u0103-m\u0103, mam\u0103-n sat cu tine\u201d prof. Alida Barbu, prof. corep. Cristian Lepadatu<\/li><li>B\u0103tina\u0219 Alesia clasa a llI- a, pian &#8211; Miniatur\u0103, S. Dr\u0103goi, prof. Melinda Deac<\/li><li>Pop Denisa Izabela, clasa a IX-a B &#8211; \u201dDup\u0103 fiecare secund\u0103\u201d de Matei Vi\u0219niec, prof. Roxana Kovacs<\/li><li>Tarni\u021b\u0103 Ianis, clasa a VI-a, vioar\u0103 &#8211; Hora &#8211; din Suita \u00een stil rom\u00e2nesc de Dumitru Bughici, prof. Ovidiu Patra\u0219ciuc, prof. corepetitor Radu Tofan<\/li><li>Archiunean Anamaria, clasa a XI-a, canto clasic \u2013 Doina Stancu\u021bei de T. Brediceanu, prof. Ioana Popa, prof. corepetitor Radu Tofan<\/li><li>M\u0103gheru\u0219an Anda, clasa a XI-a B &#8211; \u201dWords have meaning\u201d de Andreeea Gal, prof. Roxana Kovacs<\/li><li>Biri\u0219 Karin, clasa a X-a, chitar\u0103 &#8211; Asturias de I. Albeniz, prof. Valentin Pop<\/li><li>Moisil Maria, clasa a XI-a B &#8211; \u201dEpuizare\u201d de Eugen Barz, prof. Roxana Kovacs<\/li><li>M\u0103gheru\u0219an Ioana , clasa a XII-a, canto popular &#8211; \u201dDe-ar da Dumnezeu sfantul\u201d prof. Cristina B\u0103lan, prof. corep. Cristian Lepadatu<\/li><li>Scenet\u0103- Sonia Fetti (Annabelle) \u0219i Lorena Morariu (Jimmy) &#8211; \u201dThe Angel Intrudes\u201d , fragment de Floyd Dell, prof. Alina Tomi<\/li><li>Dragu-S\u0103l\u0103gean Eduard, clasa a X- a &#8211; \u201dUn sospiro\u201d de F. Liszt , prof.Lidia Pav\u0103l<\/li><li>Filipoiu Eliza, clasa a IX-a B &#8211; \u201dIubesc acel ora\u0219\u201d de Claudiu Komatin, prof. Roxana Kovacs<\/li><li>Grup vocal instrumental al elevilor de la folclor, clasa a XII-a &#8211; \u201dCe s-ar face inima\u201d, prof. Cristina B\u0103lan, prof. corepetitor Cristian Lep\u0103datu<\/li><\/ol>\n","protected":false},"excerpt":{"rendered":"<p>V\u0103 invit\u0103m maine, 20 Februarie ora 18:00, la un concert de muzic\u0103, poezie si teatru, sus\u021binut cu ocazia zilelor Liceului de Muzic\u0103 &#8222;Tudor Jarda&#8221;Concertul se va transmite in premier\u0103 pe canalul nostru de YouTube si aici, pe pagina de Facebook.V\u0103 a\u0219tept\u0103m!https:\/\/youtu.be\/A9iD0y0jKCk Niste Miriam clasa a III-a, pian- Studiu, C. Czerny, prof.Elena Oniga2.Popa Drago\u0219, clasa a [&hellip;]<\/p>\n","protected":false},"author":1,"featured_media":2022,"comment_status":"open","ping_status":"open","sticky":false,"template":"","format":"standard","meta":{"site-sidebar-layout":"default","site-content-layout":"default","ast-site-content-layout":"default","site-content-style":"default","site-sidebar-style":"default","ast-global-header-display":"","ast-banner-title-visibility":"","ast-main-header-display":"","ast-hfb-above-header-display":"","ast-hfb-below-header-display":"","ast-hfb-mobile-header-display":"","site-post-title":"","ast-breadcrumbs-content":"","ast-featured-img":"","footer-sml-layout":"","ast-disable-related-posts":"","theme-transparent-header-meta":"default","adv-header-id-meta":"","stick-header-meta":"","header-above-stick-meta":"","header-main-stick-meta":"","header-below-stick-meta":"","astra-migrate-meta-layouts":"default","ast-page-background-enabled":"default","ast-page-background-meta":{"desktop":{"background-color":"","background-image":"","background-repeat":"repeat","background-position":"center center","background-size":"auto","background-attachment":"scroll","background-type":"","background-media":"","overlay-type":"","overlay-color":"","overlay-opacity":"","overlay-gradient":""},"tablet":{"background-color":"","background-image":"","background-repeat":"repeat","background-position":"center center","background-size":"auto","background-attachment":"scroll","background-type":"","background-media":"","overlay-type":"","overlay-color":"","overlay-opacity":"","overlay-gradient":""},"mobile":{"background-color":"","background-image":"","background-repeat":"repeat","background-position":"center center","background-size":"auto","background-attachment":"scroll","background-type":"","background-media":"","overlay-type":"","overlay-color":"","overlay-opacity":"","overlay-gradient":""}},"ast-content-background-meta":{"desktop":{"background-color":"var(--ast-global-color-5)","background-image":"","background-repeat":"repeat","background-position":"center center","background-size":"auto","background-attachment":"scroll","background-type":"","background-media":"","overlay-type":"","overlay-color":"","overlay-opacity":"","overlay-gradient":""},"tablet":{"background-color":"var(--ast-global-color-5)","background-image":"","background-repeat":"repeat","background-position":"center center","background-size":"auto","background-attachment":"scroll","background-type":"","background-media":"","overlay-type":"","overlay-color":"","overlay-opacity":"","overlay-gradient":""},"mobile":{"background-color":"var(--ast-global-color-5)","background-image":"","background-repeat":"repeat","background-position":"center center","background-size":"auto","background-attachment":"scroll","background-type":"","background-media":"","overlay-type":"","overlay-color":"","overlay-opacity":"","overlay-gradient":""}},"footnotes":""},"categories":[19],"tags":[],"post_folder":[],"class_list":["post-2021","post","type-post","status-publish","format-standard","has-post-thumbnail","hentry","category-general"],"yoast_head":"<!-- This site is optimized with the Yoast SEO plugin v27.2 - https:\/\/yoast.com\/product\/yoast-seo-wordpress\/ -->\n<title>Concert aniversar dedicat zilelor Liceului &quot;Tudor Jarda&quot; - Liceul de Muzic\u0103 &quot;Tudor Jarda&quot;<\/title>\n<meta name=\"robots\" content=\"index, follow, max-snippet:-1, max-image-preview:large, max-video-preview:-1\" \/>\n<link rel=\"canonical\" href=\"https:\/\/lmtj.ro\/?p=2021\" \/>\n<meta property=\"og:locale\" content=\"ro_RO\" \/>\n<meta property=\"og:type\" content=\"article\" \/>\n<meta property=\"og:title\" content=\"Concert aniversar dedicat zilelor Liceului &quot;Tudor Jarda&quot; - Liceul de Muzic\u0103 &quot;Tudor Jarda&quot;\" \/>\n<meta property=\"og:description\" content=\"V\u0103 invit\u0103m maine, 20 Februarie ora 18:00, la un concert de muzic\u0103, poezie si teatru, sus\u021binut cu ocazia zilelor Liceului de Muzic\u0103 &#8222;Tudor Jarda&#8221;Concertul se va transmite in premier\u0103 pe canalul nostru de YouTube si aici, pe pagina de Facebook.V\u0103 a\u0219tept\u0103m!https:\/\/youtu.be\/A9iD0y0jKCk Niste Miriam clasa a III-a, pian- Studiu, C. Czerny, prof.Elena Oniga2.Popa Drago\u0219, clasa a [&hellip;]\" \/>\n<meta property=\"og:url\" content=\"https:\/\/lmtj.ro\/?p=2021\" \/>\n<meta property=\"og:site_name\" content=\"Liceul de Muzic\u0103 &quot;Tudor Jarda&quot;\" \/>\n<meta property=\"article:published_time\" content=\"2021-02-19T08:48:00+00:00\" \/>\n<meta property=\"article:modified_time\" content=\"2021-03-16T08:49:50+00:00\" \/>\n<meta property=\"og:image\" content=\"https:\/\/lmtj.ro\/wp-content\/uploads\/2021\/03\/1-12.jpg\" \/>\n\t<meta property=\"og:image:width\" content=\"600\" \/>\n\t<meta property=\"og:image:height\" content=\"920\" \/>\n\t<meta property=\"og:image:type\" content=\"image\/jpeg\" \/>\n<meta name=\"author\" content=\"Cristi2412\" \/>\n<meta name=\"twitter:card\" content=\"summary_large_image\" \/>\n<meta name=\"twitter:label1\" content=\"Scris de\" \/>\n\t<meta name=\"twitter:data1\" content=\"Cristi2412\" \/>\n\t<meta name=\"twitter:label2\" content=\"Timp estimat pentru citire\" \/>\n\t<meta name=\"twitter:data2\" content=\"2 minute\" \/>\n<script type=\"application\/ld+json\" class=\"yoast-schema-graph\">{\"@context\":\"https:\/\/schema.org\",\"@graph\":[{\"@type\":\"Article\",\"@id\":\"https:\/\/lmtj.ro\/?p=2021#article\",\"isPartOf\":{\"@id\":\"https:\/\/lmtj.ro\/?p=2021\"},\"author\":{\"name\":\"Cristi2412\",\"@id\":\"https:\/\/lmtj.ro\/#\/schema\/person\/251f53cc7f78c47b51b96b6b67ce1dd9\"},\"headline\":\"Concert aniversar dedicat zilelor Liceului &#8222;Tudor Jarda&#8221;\",\"datePublished\":\"2021-02-19T08:48:00+00:00\",\"dateModified\":\"2021-03-16T08:49:50+00:00\",\"mainEntityOfPage\":{\"@id\":\"https:\/\/lmtj.ro\/?p=2021\"},\"wordCount\":350,\"commentCount\":0,\"publisher\":{\"@id\":\"https:\/\/lmtj.ro\/#organization\"},\"image\":{\"@id\":\"https:\/\/lmtj.ro\/?p=2021#primaryimage\"},\"thumbnailUrl\":\"https:\/\/lmtj.ro\/wp-content\/uploads\/2021\/03\/1-12.jpg\",\"articleSection\":[\"General\"],\"inLanguage\":\"ro-RO\",\"potentialAction\":[{\"@type\":\"CommentAction\",\"name\":\"Comment\",\"target\":[\"https:\/\/lmtj.ro\/?p=2021#respond\"]}]},{\"@type\":\"WebPage\",\"@id\":\"https:\/\/lmtj.ro\/?p=2021\",\"url\":\"https:\/\/lmtj.ro\/?p=2021\",\"name\":\"Concert aniversar dedicat zilelor Liceului \\\"Tudor Jarda\\\" - Liceul de Muzic\u0103 &quot;Tudor Jarda&quot;\",\"isPartOf\":{\"@id\":\"https:\/\/lmtj.ro\/#website\"},\"primaryImageOfPage\":{\"@id\":\"https:\/\/lmtj.ro\/?p=2021#primaryimage\"},\"image\":{\"@id\":\"https:\/\/lmtj.ro\/?p=2021#primaryimage\"},\"thumbnailUrl\":\"https:\/\/lmtj.ro\/wp-content\/uploads\/2021\/03\/1-12.jpg\",\"datePublished\":\"2021-02-19T08:48:00+00:00\",\"dateModified\":\"2021-03-16T08:49:50+00:00\",\"breadcrumb\":{\"@id\":\"https:\/\/lmtj.ro\/?p=2021#breadcrumb\"},\"inLanguage\":\"ro-RO\",\"potentialAction\":[{\"@type\":\"ReadAction\",\"target\":[\"https:\/\/lmtj.ro\/?p=2021\"]}]},{\"@type\":\"ImageObject\",\"inLanguage\":\"ro-RO\",\"@id\":\"https:\/\/lmtj.ro\/?p=2021#primaryimage\",\"url\":\"https:\/\/lmtj.ro\/wp-content\/uploads\/2021\/03\/1-12.jpg\",\"contentUrl\":\"https:\/\/lmtj.ro\/wp-content\/uploads\/2021\/03\/1-12.jpg\",\"width\":600,\"height\":920},{\"@type\":\"BreadcrumbList\",\"@id\":\"https:\/\/lmtj.ro\/?p=2021#breadcrumb\",\"itemListElement\":[{\"@type\":\"ListItem\",\"position\":1,\"name\":\"Prima pagin\u0103\",\"item\":\"https:\/\/lmtj.ro\/\"},{\"@type\":\"ListItem\",\"position\":2,\"name\":\"Concert aniversar dedicat zilelor Liceului &#8222;Tudor Jarda&#8221;\"}]},{\"@type\":\"WebSite\",\"@id\":\"https:\/\/lmtj.ro\/#website\",\"url\":\"https:\/\/lmtj.ro\/\",\"name\":\"Liceul de Muzic\u0103 &quot;Tudor Jarda&quot;\",\"description\":\"Liceul de Muzic\u0103 &quot;Tudor Jarda&quot;\",\"publisher\":{\"@id\":\"https:\/\/lmtj.ro\/#organization\"},\"potentialAction\":[{\"@type\":\"SearchAction\",\"target\":{\"@type\":\"EntryPoint\",\"urlTemplate\":\"https:\/\/lmtj.ro\/?s={search_term_string}\"},\"query-input\":{\"@type\":\"PropertyValueSpecification\",\"valueRequired\":true,\"valueName\":\"search_term_string\"}}],\"inLanguage\":\"ro-RO\"},{\"@type\":\"Organization\",\"@id\":\"https:\/\/lmtj.ro\/#organization\",\"name\":\"Liceul de Muzic\u0103 &quot;Tudor Jarda&quot;\",\"url\":\"https:\/\/lmtj.ro\/\",\"logo\":{\"@type\":\"ImageObject\",\"inLanguage\":\"ro-RO\",\"@id\":\"https:\/\/lmtj.ro\/#\/schema\/logo\/image\/\",\"url\":\"https:\/\/lmtj.ro\/wp-content\/uploads\/2021\/03\/cropped-logo_no_background-1.png\",\"contentUrl\":\"https:\/\/lmtj.ro\/wp-content\/uploads\/2021\/03\/cropped-logo_no_background-1.png\",\"width\":464,\"height\":464,\"caption\":\"Liceul de Muzic\u0103 &quot;Tudor Jarda&quot;\"},\"image\":{\"@id\":\"https:\/\/lmtj.ro\/#\/schema\/logo\/image\/\"}},{\"@type\":\"Person\",\"@id\":\"https:\/\/lmtj.ro\/#\/schema\/person\/251f53cc7f78c47b51b96b6b67ce1dd9\",\"name\":\"Cristi2412\",\"image\":{\"@type\":\"ImageObject\",\"inLanguage\":\"ro-RO\",\"@id\":\"https:\/\/secure.gravatar.com\/avatar\/1444ab07ba320683ad35d71963c8745f885e8e1ea061ec1d634017c2172341a6?s=96&d=mm&r=g\",\"url\":\"https:\/\/secure.gravatar.com\/avatar\/1444ab07ba320683ad35d71963c8745f885e8e1ea061ec1d634017c2172341a6?s=96&d=mm&r=g\",\"contentUrl\":\"https:\/\/secure.gravatar.com\/avatar\/1444ab07ba320683ad35d71963c8745f885e8e1ea061ec1d634017c2172341a6?s=96&d=mm&r=g\",\"caption\":\"Cristi2412\"},\"sameAs\":[\"https:\/\/lmtj.ro\"],\"url\":\"https:\/\/lmtj.ro\/?author=1\"}]}<\/script>\n<!-- \/ Yoast SEO plugin. -->","yoast_head_json":{"title":"Concert aniversar dedicat zilelor Liceului \"Tudor Jarda\" - Liceul de Muzic\u0103 &quot;Tudor Jarda&quot;","robots":{"index":"index","follow":"follow","max-snippet":"max-snippet:-1","max-image-preview":"max-image-preview:large","max-video-preview":"max-video-preview:-1"},"canonical":"https:\/\/lmtj.ro\/?p=2021","og_locale":"ro_RO","og_type":"article","og_title":"Concert aniversar dedicat zilelor Liceului \"Tudor Jarda\" - Liceul de Muzic\u0103 &quot;Tudor Jarda&quot;","og_description":"V\u0103 invit\u0103m maine, 20 Februarie ora 18:00, la un concert de muzic\u0103, poezie si teatru, sus\u021binut cu ocazia zilelor Liceului de Muzic\u0103 &#8222;Tudor Jarda&#8221;Concertul se va transmite in premier\u0103 pe canalul nostru de YouTube si aici, pe pagina de Facebook.V\u0103 a\u0219tept\u0103m!https:\/\/youtu.be\/A9iD0y0jKCk Niste Miriam clasa a III-a, pian- Studiu, C. Czerny, prof.Elena Oniga2.Popa Drago\u0219, clasa a [&hellip;]","og_url":"https:\/\/lmtj.ro\/?p=2021","og_site_name":"Liceul de Muzic\u0103 &quot;Tudor Jarda&quot;","article_published_time":"2021-02-19T08:48:00+00:00","article_modified_time":"2021-03-16T08:49:50+00:00","og_image":[{"width":600,"height":920,"url":"https:\/\/lmtj.ro\/wp-content\/uploads\/2021\/03\/1-12.jpg","type":"image\/jpeg"}],"author":"Cristi2412","twitter_card":"summary_large_image","twitter_misc":{"Scris de":"Cristi2412","Timp estimat pentru citire":"2 minute"},"schema":{"@context":"https:\/\/schema.org","@graph":[{"@type":"Article","@id":"https:\/\/lmtj.ro\/?p=2021#article","isPartOf":{"@id":"https:\/\/lmtj.ro\/?p=2021"},"author":{"name":"Cristi2412","@id":"https:\/\/lmtj.ro\/#\/schema\/person\/251f53cc7f78c47b51b96b6b67ce1dd9"},"headline":"Concert aniversar dedicat zilelor Liceului &#8222;Tudor Jarda&#8221;","datePublished":"2021-02-19T08:48:00+00:00","dateModified":"2021-03-16T08:49:50+00:00","mainEntityOfPage":{"@id":"https:\/\/lmtj.ro\/?p=2021"},"wordCount":350,"commentCount":0,"publisher":{"@id":"https:\/\/lmtj.ro\/#organization"},"image":{"@id":"https:\/\/lmtj.ro\/?p=2021#primaryimage"},"thumbnailUrl":"https:\/\/lmtj.ro\/wp-content\/uploads\/2021\/03\/1-12.jpg","articleSection":["General"],"inLanguage":"ro-RO","potentialAction":[{"@type":"CommentAction","name":"Comment","target":["https:\/\/lmtj.ro\/?p=2021#respond"]}]},{"@type":"WebPage","@id":"https:\/\/lmtj.ro\/?p=2021","url":"https:\/\/lmtj.ro\/?p=2021","name":"Concert aniversar dedicat zilelor Liceului \"Tudor Jarda\" - Liceul de Muzic\u0103 &quot;Tudor Jarda&quot;","isPartOf":{"@id":"https:\/\/lmtj.ro\/#website"},"primaryImageOfPage":{"@id":"https:\/\/lmtj.ro\/?p=2021#primaryimage"},"image":{"@id":"https:\/\/lmtj.ro\/?p=2021#primaryimage"},"thumbnailUrl":"https:\/\/lmtj.ro\/wp-content\/uploads\/2021\/03\/1-12.jpg","datePublished":"2021-02-19T08:48:00+00:00","dateModified":"2021-03-16T08:49:50+00:00","breadcrumb":{"@id":"https:\/\/lmtj.ro\/?p=2021#breadcrumb"},"inLanguage":"ro-RO","potentialAction":[{"@type":"ReadAction","target":["https:\/\/lmtj.ro\/?p=2021"]}]},{"@type":"ImageObject","inLanguage":"ro-RO","@id":"https:\/\/lmtj.ro\/?p=2021#primaryimage","url":"https:\/\/lmtj.ro\/wp-content\/uploads\/2021\/03\/1-12.jpg","contentUrl":"https:\/\/lmtj.ro\/wp-content\/uploads\/2021\/03\/1-12.jpg","width":600,"height":920},{"@type":"BreadcrumbList","@id":"https:\/\/lmtj.ro\/?p=2021#breadcrumb","itemListElement":[{"@type":"ListItem","position":1,"name":"Prima pagin\u0103","item":"https:\/\/lmtj.ro\/"},{"@type":"ListItem","position":2,"name":"Concert aniversar dedicat zilelor Liceului &#8222;Tudor Jarda&#8221;"}]},{"@type":"WebSite","@id":"https:\/\/lmtj.ro\/#website","url":"https:\/\/lmtj.ro\/","name":"Liceul de Muzic\u0103 &quot;Tudor Jarda&quot;","description":"Liceul de Muzic\u0103 &quot;Tudor Jarda&quot;","publisher":{"@id":"https:\/\/lmtj.ro\/#organization"},"potentialAction":[{"@type":"SearchAction","target":{"@type":"EntryPoint","urlTemplate":"https:\/\/lmtj.ro\/?s={search_term_string}"},"query-input":{"@type":"PropertyValueSpecification","valueRequired":true,"valueName":"search_term_string"}}],"inLanguage":"ro-RO"},{"@type":"Organization","@id":"https:\/\/lmtj.ro\/#organization","name":"Liceul de Muzic\u0103 &quot;Tudor Jarda&quot;","url":"https:\/\/lmtj.ro\/","logo":{"@type":"ImageObject","inLanguage":"ro-RO","@id":"https:\/\/lmtj.ro\/#\/schema\/logo\/image\/","url":"https:\/\/lmtj.ro\/wp-content\/uploads\/2021\/03\/cropped-logo_no_background-1.png","contentUrl":"https:\/\/lmtj.ro\/wp-content\/uploads\/2021\/03\/cropped-logo_no_background-1.png","width":464,"height":464,"caption":"Liceul de Muzic\u0103 &quot;Tudor Jarda&quot;"},"image":{"@id":"https:\/\/lmtj.ro\/#\/schema\/logo\/image\/"}},{"@type":"Person","@id":"https:\/\/lmtj.ro\/#\/schema\/person\/251f53cc7f78c47b51b96b6b67ce1dd9","name":"Cristi2412","image":{"@type":"ImageObject","inLanguage":"ro-RO","@id":"https:\/\/secure.gravatar.com\/avatar\/1444ab07ba320683ad35d71963c8745f885e8e1ea061ec1d634017c2172341a6?s=96&d=mm&r=g","url":"https:\/\/secure.gravatar.com\/avatar\/1444ab07ba320683ad35d71963c8745f885e8e1ea061ec1d634017c2172341a6?s=96&d=mm&r=g","contentUrl":"https:\/\/secure.gravatar.com\/avatar\/1444ab07ba320683ad35d71963c8745f885e8e1ea061ec1d634017c2172341a6?s=96&d=mm&r=g","caption":"Cristi2412"},"sameAs":["https:\/\/lmtj.ro"],"url":"https:\/\/lmtj.ro\/?author=1"}]}},"_links":{"self":[{"href":"https:\/\/lmtj.ro\/index.php?rest_route=\/wp\/v2\/posts\/2021","targetHints":{"allow":["GET"]}}],"collection":[{"href":"https:\/\/lmtj.ro\/index.php?rest_route=\/wp\/v2\/posts"}],"about":[{"href":"https:\/\/lmtj.ro\/index.php?rest_route=\/wp\/v2\/types\/post"}],"author":[{"embeddable":true,"href":"https:\/\/lmtj.ro\/index.php?rest_route=\/wp\/v2\/users\/1"}],"replies":[{"embeddable":true,"href":"https:\/\/lmtj.ro\/index.php?rest_route=%2Fwp%2Fv2%2Fcomments&post=2021"}],"version-history":[{"count":1,"href":"https:\/\/lmtj.ro\/index.php?rest_route=\/wp\/v2\/posts\/2021\/revisions"}],"predecessor-version":[{"id":2023,"href":"https:\/\/lmtj.ro\/index.php?rest_route=\/wp\/v2\/posts\/2021\/revisions\/2023"}],"wp:featuredmedia":[{"embeddable":true,"href":"https:\/\/lmtj.ro\/index.php?rest_route=\/wp\/v2\/media\/2022"}],"wp:attachment":[{"href":"https:\/\/lmtj.ro\/index.php?rest_route=%2Fwp%2Fv2%2Fmedia&parent=2021"}],"wp:term":[{"taxonomy":"category","embeddable":true,"href":"https:\/\/lmtj.ro\/index.php?rest_route=%2Fwp%2Fv2%2Fcategories&post=2021"},{"taxonomy":"post_tag","embeddable":true,"href":"https:\/\/lmtj.ro\/index.php?rest_route=%2Fwp%2Fv2%2Ftags&post=2021"},{"taxonomy":"post_folder","embeddable":true,"href":"https:\/\/lmtj.ro\/index.php?rest_route=%2Fwp%2Fv2%2Fpost_folder&post=2021"}],"curies":[{"name":"wp","href":"https:\/\/api.w.org\/{rel}","templated":true}]}}