{"id":2016,"date":"2021-02-13T08:44:00","date_gmt":"2021-02-13T08:44:00","guid":{"rendered":"https:\/\/lmtj.ro\/?p=2016"},"modified":"2021-03-16T08:46:11","modified_gmt":"2021-03-16T08:46:11","slug":"reabilitarea-liceului-de-muzica-tudor-jarda","status":"publish","type":"post","link":"https:\/\/lmtj.ro\/?p=2016","title":{"rendered":"Reabilitarea Liceului de Muzic\u0103 &#8222;Tudor Jarda&#8221;"},"content":{"rendered":"\n<p>Exact acum 2 ani, \u00eencepea reabilitarea Liceului de Muzic\u0103 &#8222;Tudor Jarda&#8221;, care avea chiar \u0219i un copac crescut \u00een acoperi\u0219ul cl\u0103dirii unde ne desf\u0103\u0219ur\u0103m acum activitatea, pe str. Toamnei. S\u0103 ne bucur\u0103m \u00eempreun\u0103 de corpul B, reabilitat \u0219i s\u0103 sper\u0103m c\u0103 \u0219i corpul A, monument istoric, \u00eei va urma, al\u0103turi de amfiteatrul pentru concerte.<\/p>\n","protected":false},"excerpt":{"rendered":"<p>Exact acum 2 ani, \u00eencepea reabilitarea Liceului de Muzic\u0103 &#8222;Tudor Jarda&#8221;, care avea chiar \u0219i un copac crescut \u00een acoperi\u0219ul cl\u0103dirii unde ne desf\u0103\u0219ur\u0103m acum activitatea, pe str. Toamnei. S\u0103 ne bucur\u0103m \u00eempreun\u0103 de corpul B, reabilitat \u0219i s\u0103 sper\u0103m c\u0103 \u0219i corpul A, monument istoric, \u00eei va urma, al\u0103turi de amfiteatrul pentru concerte.<\/p>\n","protected":false},"author":1,"featured_media":2017,"comment_status":"open","ping_status":"open","sticky":false,"template":"","format":"standard","meta":{"site-sidebar-layout":"default","site-content-layout":"default","ast-site-content-layout":"default","site-content-style":"default","site-sidebar-style":"default","ast-global-header-display":"","ast-banner-title-visibility":"","ast-main-header-display":"","ast-hfb-above-header-display":"","ast-hfb-below-header-display":"","ast-hfb-mobile-header-display":"","site-post-title":"","ast-breadcrumbs-content":"","ast-featured-img":"","footer-sml-layout":"","ast-disable-related-posts":"","theme-transparent-header-meta":"default","adv-header-id-meta":"","stick-header-meta":"","header-above-stick-meta":"","header-main-stick-meta":"","header-below-stick-meta":"","astra-migrate-meta-layouts":"default","ast-page-background-enabled":"default","ast-page-background-meta":{"desktop":{"background-color":"","background-image":"","background-repeat":"repeat","background-position":"center center","background-size":"auto","background-attachment":"scroll","background-type":"","background-media":"","overlay-type":"","overlay-color":"","overlay-opacity":"","overlay-gradient":""},"tablet":{"background-color":"","background-image":"","background-repeat":"repeat","background-position":"center center","background-size":"auto","background-attachment":"scroll","background-type":"","background-media":"","overlay-type":"","overlay-color":"","overlay-opacity":"","overlay-gradient":""},"mobile":{"background-color":"","background-image":"","background-repeat":"repeat","background-position":"center center","background-size":"auto","background-attachment":"scroll","background-type":"","background-media":"","overlay-type":"","overlay-color":"","overlay-opacity":"","overlay-gradient":""}},"ast-content-background-meta":{"desktop":{"background-color":"var(--ast-global-color-5)","background-image":"","background-repeat":"repeat","background-position":"center center","background-size":"auto","background-attachment":"scroll","background-type":"","background-media":"","overlay-type":"","overlay-color":"","overlay-opacity":"","overlay-gradient":""},"tablet":{"background-color":"var(--ast-global-color-5)","background-image":"","background-repeat":"repeat","background-position":"center center","background-size":"auto","background-attachment":"scroll","background-type":"","background-media":"","overlay-type":"","overlay-color":"","overlay-opacity":"","overlay-gradient":""},"mobile":{"background-color":"var(--ast-global-color-5)","background-image":"","background-repeat":"repeat","background-position":"center center","background-size":"auto","background-attachment":"scroll","background-type":"","background-media":"","overlay-type":"","overlay-color":"","overlay-opacity":"","overlay-gradient":""}},"footnotes":""},"categories":[19],"tags":[],"post_folder":[],"class_list":["post-2016","post","type-post","status-publish","format-standard","has-post-thumbnail","hentry","category-general"],"yoast_head":"<!-- This site is optimized with the Yoast SEO plugin v27.2 - https:\/\/yoast.com\/product\/yoast-seo-wordpress\/ -->\n<title>Reabilitarea Liceului de Muzic\u0103 &quot;Tudor Jarda&quot; - Liceul de Muzic\u0103 &quot;Tudor Jarda&quot;<\/title>\n<meta name=\"robots\" content=\"index, follow, max-snippet:-1, max-image-preview:large, max-video-preview:-1\" \/>\n<link rel=\"canonical\" href=\"https:\/\/lmtj.ro\/?p=2016\" \/>\n<meta property=\"og:locale\" content=\"ro_RO\" \/>\n<meta property=\"og:type\" content=\"article\" \/>\n<meta property=\"og:title\" content=\"Reabilitarea Liceului de Muzic\u0103 &quot;Tudor Jarda&quot; - Liceul de Muzic\u0103 &quot;Tudor Jarda&quot;\" \/>\n<meta property=\"og:description\" content=\"Exact acum 2 ani, \u00eencepea reabilitarea Liceului de Muzic\u0103 &#8222;Tudor Jarda&#8221;, care avea chiar \u0219i un copac crescut \u00een acoperi\u0219ul cl\u0103dirii unde ne desf\u0103\u0219ur\u0103m acum activitatea, pe str. Toamnei. S\u0103 ne bucur\u0103m \u00eempreun\u0103 de corpul B, reabilitat \u0219i s\u0103 sper\u0103m c\u0103 \u0219i corpul A, monument istoric, \u00eei va urma, al\u0103turi de amfiteatrul pentru concerte.\" \/>\n<meta property=\"og:url\" content=\"https:\/\/lmtj.ro\/?p=2016\" \/>\n<meta property=\"og:site_name\" content=\"Liceul de Muzic\u0103 &quot;Tudor Jarda&quot;\" \/>\n<meta property=\"article:published_time\" content=\"2021-02-13T08:44:00+00:00\" \/>\n<meta property=\"article:modified_time\" content=\"2021-03-16T08:46:11+00:00\" \/>\n<meta property=\"og:image\" content=\"https:\/\/lmtj.ro\/wp-content\/uploads\/2021\/03\/1-11.jpg\" \/>\n\t<meta property=\"og:image:width\" content=\"960\" \/>\n\t<meta property=\"og:image:height\" content=\"540\" \/>\n\t<meta property=\"og:image:type\" content=\"image\/jpeg\" \/>\n<meta name=\"author\" content=\"Cristi2412\" \/>\n<meta name=\"twitter:card\" content=\"summary_large_image\" \/>\n<meta name=\"twitter:label1\" content=\"Scris de\" \/>\n\t<meta name=\"twitter:data1\" content=\"Cristi2412\" \/>\n<script type=\"application\/ld+json\" class=\"yoast-schema-graph\">{\"@context\":\"https:\/\/schema.org\",\"@graph\":[{\"@type\":\"Article\",\"@id\":\"https:\/\/lmtj.ro\/?p=2016#article\",\"isPartOf\":{\"@id\":\"https:\/\/lmtj.ro\/?p=2016\"},\"author\":{\"name\":\"Cristi2412\",\"@id\":\"https:\/\/lmtj.ro\/#\/schema\/person\/251f53cc7f78c47b51b96b6b67ce1dd9\"},\"headline\":\"Reabilitarea Liceului de Muzic\u0103 &#8222;Tudor Jarda&#8221;\",\"datePublished\":\"2021-02-13T08:44:00+00:00\",\"dateModified\":\"2021-03-16T08:46:11+00:00\",\"mainEntityOfPage\":{\"@id\":\"https:\/\/lmtj.ro\/?p=2016\"},\"wordCount\":66,\"commentCount\":0,\"publisher\":{\"@id\":\"https:\/\/lmtj.ro\/#organization\"},\"image\":{\"@id\":\"https:\/\/lmtj.ro\/?p=2016#primaryimage\"},\"thumbnailUrl\":\"https:\/\/lmtj.ro\/wp-content\/uploads\/2021\/03\/1-11.jpg\",\"articleSection\":[\"General\"],\"inLanguage\":\"ro-RO\",\"potentialAction\":[{\"@type\":\"CommentAction\",\"name\":\"Comment\",\"target\":[\"https:\/\/lmtj.ro\/?p=2016#respond\"]}]},{\"@type\":\"WebPage\",\"@id\":\"https:\/\/lmtj.ro\/?p=2016\",\"url\":\"https:\/\/lmtj.ro\/?p=2016\",\"name\":\"Reabilitarea Liceului de Muzic\u0103 \\\"Tudor Jarda\\\" - Liceul de Muzic\u0103 &quot;Tudor Jarda&quot;\",\"isPartOf\":{\"@id\":\"https:\/\/lmtj.ro\/#website\"},\"primaryImageOfPage\":{\"@id\":\"https:\/\/lmtj.ro\/?p=2016#primaryimage\"},\"image\":{\"@id\":\"https:\/\/lmtj.ro\/?p=2016#primaryimage\"},\"thumbnailUrl\":\"https:\/\/lmtj.ro\/wp-content\/uploads\/2021\/03\/1-11.jpg\",\"datePublished\":\"2021-02-13T08:44:00+00:00\",\"dateModified\":\"2021-03-16T08:46:11+00:00\",\"breadcrumb\":{\"@id\":\"https:\/\/lmtj.ro\/?p=2016#breadcrumb\"},\"inLanguage\":\"ro-RO\",\"potentialAction\":[{\"@type\":\"ReadAction\",\"target\":[\"https:\/\/lmtj.ro\/?p=2016\"]}]},{\"@type\":\"ImageObject\",\"inLanguage\":\"ro-RO\",\"@id\":\"https:\/\/lmtj.ro\/?p=2016#primaryimage\",\"url\":\"https:\/\/lmtj.ro\/wp-content\/uploads\/2021\/03\/1-11.jpg\",\"contentUrl\":\"https:\/\/lmtj.ro\/wp-content\/uploads\/2021\/03\/1-11.jpg\",\"width\":960,\"height\":540},{\"@type\":\"BreadcrumbList\",\"@id\":\"https:\/\/lmtj.ro\/?p=2016#breadcrumb\",\"itemListElement\":[{\"@type\":\"ListItem\",\"position\":1,\"name\":\"Prima pagin\u0103\",\"item\":\"https:\/\/lmtj.ro\/\"},{\"@type\":\"ListItem\",\"position\":2,\"name\":\"Reabilitarea Liceului de Muzic\u0103 &#8222;Tudor Jarda&#8221;\"}]},{\"@type\":\"WebSite\",\"@id\":\"https:\/\/lmtj.ro\/#website\",\"url\":\"https:\/\/lmtj.ro\/\",\"name\":\"Liceul de Muzic\u0103 &quot;Tudor Jarda&quot;\",\"description\":\"Liceul de Muzic\u0103 &quot;Tudor Jarda&quot;\",\"publisher\":{\"@id\":\"https:\/\/lmtj.ro\/#organization\"},\"potentialAction\":[{\"@type\":\"SearchAction\",\"target\":{\"@type\":\"EntryPoint\",\"urlTemplate\":\"https:\/\/lmtj.ro\/?s={search_term_string}\"},\"query-input\":{\"@type\":\"PropertyValueSpecification\",\"valueRequired\":true,\"valueName\":\"search_term_string\"}}],\"inLanguage\":\"ro-RO\"},{\"@type\":\"Organization\",\"@id\":\"https:\/\/lmtj.ro\/#organization\",\"name\":\"Liceul de Muzic\u0103 &quot;Tudor Jarda&quot;\",\"url\":\"https:\/\/lmtj.ro\/\",\"logo\":{\"@type\":\"ImageObject\",\"inLanguage\":\"ro-RO\",\"@id\":\"https:\/\/lmtj.ro\/#\/schema\/logo\/image\/\",\"url\":\"https:\/\/lmtj.ro\/wp-content\/uploads\/2021\/03\/cropped-logo_no_background-1.png\",\"contentUrl\":\"https:\/\/lmtj.ro\/wp-content\/uploads\/2021\/03\/cropped-logo_no_background-1.png\",\"width\":464,\"height\":464,\"caption\":\"Liceul de Muzic\u0103 &quot;Tudor Jarda&quot;\"},\"image\":{\"@id\":\"https:\/\/lmtj.ro\/#\/schema\/logo\/image\/\"}},{\"@type\":\"Person\",\"@id\":\"https:\/\/lmtj.ro\/#\/schema\/person\/251f53cc7f78c47b51b96b6b67ce1dd9\",\"name\":\"Cristi2412\",\"image\":{\"@type\":\"ImageObject\",\"inLanguage\":\"ro-RO\",\"@id\":\"https:\/\/secure.gravatar.com\/avatar\/1444ab07ba320683ad35d71963c8745f885e8e1ea061ec1d634017c2172341a6?s=96&d=mm&r=g\",\"url\":\"https:\/\/secure.gravatar.com\/avatar\/1444ab07ba320683ad35d71963c8745f885e8e1ea061ec1d634017c2172341a6?s=96&d=mm&r=g\",\"contentUrl\":\"https:\/\/secure.gravatar.com\/avatar\/1444ab07ba320683ad35d71963c8745f885e8e1ea061ec1d634017c2172341a6?s=96&d=mm&r=g\",\"caption\":\"Cristi2412\"},\"sameAs\":[\"https:\/\/lmtj.ro\"],\"url\":\"https:\/\/lmtj.ro\/?author=1\"}]}<\/script>\n<!-- \/ Yoast SEO plugin. -->","yoast_head_json":{"title":"Reabilitarea Liceului de Muzic\u0103 \"Tudor Jarda\" - Liceul de Muzic\u0103 &quot;Tudor Jarda&quot;","robots":{"index":"index","follow":"follow","max-snippet":"max-snippet:-1","max-image-preview":"max-image-preview:large","max-video-preview":"max-video-preview:-1"},"canonical":"https:\/\/lmtj.ro\/?p=2016","og_locale":"ro_RO","og_type":"article","og_title":"Reabilitarea Liceului de Muzic\u0103 \"Tudor Jarda\" - Liceul de Muzic\u0103 &quot;Tudor Jarda&quot;","og_description":"Exact acum 2 ani, \u00eencepea reabilitarea Liceului de Muzic\u0103 &#8222;Tudor Jarda&#8221;, care avea chiar \u0219i un copac crescut \u00een acoperi\u0219ul cl\u0103dirii unde ne desf\u0103\u0219ur\u0103m acum activitatea, pe str. Toamnei. S\u0103 ne bucur\u0103m \u00eempreun\u0103 de corpul B, reabilitat \u0219i s\u0103 sper\u0103m c\u0103 \u0219i corpul A, monument istoric, \u00eei va urma, al\u0103turi de amfiteatrul pentru concerte.","og_url":"https:\/\/lmtj.ro\/?p=2016","og_site_name":"Liceul de Muzic\u0103 &quot;Tudor Jarda&quot;","article_published_time":"2021-02-13T08:44:00+00:00","article_modified_time":"2021-03-16T08:46:11+00:00","og_image":[{"width":960,"height":540,"url":"https:\/\/lmtj.ro\/wp-content\/uploads\/2021\/03\/1-11.jpg","type":"image\/jpeg"}],"author":"Cristi2412","twitter_card":"summary_large_image","twitter_misc":{"Scris de":"Cristi2412"},"schema":{"@context":"https:\/\/schema.org","@graph":[{"@type":"Article","@id":"https:\/\/lmtj.ro\/?p=2016#article","isPartOf":{"@id":"https:\/\/lmtj.ro\/?p=2016"},"author":{"name":"Cristi2412","@id":"https:\/\/lmtj.ro\/#\/schema\/person\/251f53cc7f78c47b51b96b6b67ce1dd9"},"headline":"Reabilitarea Liceului de Muzic\u0103 &#8222;Tudor Jarda&#8221;","datePublished":"2021-02-13T08:44:00+00:00","dateModified":"2021-03-16T08:46:11+00:00","mainEntityOfPage":{"@id":"https:\/\/lmtj.ro\/?p=2016"},"wordCount":66,"commentCount":0,"publisher":{"@id":"https:\/\/lmtj.ro\/#organization"},"image":{"@id":"https:\/\/lmtj.ro\/?p=2016#primaryimage"},"thumbnailUrl":"https:\/\/lmtj.ro\/wp-content\/uploads\/2021\/03\/1-11.jpg","articleSection":["General"],"inLanguage":"ro-RO","potentialAction":[{"@type":"CommentAction","name":"Comment","target":["https:\/\/lmtj.ro\/?p=2016#respond"]}]},{"@type":"WebPage","@id":"https:\/\/lmtj.ro\/?p=2016","url":"https:\/\/lmtj.ro\/?p=2016","name":"Reabilitarea Liceului de Muzic\u0103 \"Tudor Jarda\" - Liceul de Muzic\u0103 &quot;Tudor Jarda&quot;","isPartOf":{"@id":"https:\/\/lmtj.ro\/#website"},"primaryImageOfPage":{"@id":"https:\/\/lmtj.ro\/?p=2016#primaryimage"},"image":{"@id":"https:\/\/lmtj.ro\/?p=2016#primaryimage"},"thumbnailUrl":"https:\/\/lmtj.ro\/wp-content\/uploads\/2021\/03\/1-11.jpg","datePublished":"2021-02-13T08:44:00+00:00","dateModified":"2021-03-16T08:46:11+00:00","breadcrumb":{"@id":"https:\/\/lmtj.ro\/?p=2016#breadcrumb"},"inLanguage":"ro-RO","potentialAction":[{"@type":"ReadAction","target":["https:\/\/lmtj.ro\/?p=2016"]}]},{"@type":"ImageObject","inLanguage":"ro-RO","@id":"https:\/\/lmtj.ro\/?p=2016#primaryimage","url":"https:\/\/lmtj.ro\/wp-content\/uploads\/2021\/03\/1-11.jpg","contentUrl":"https:\/\/lmtj.ro\/wp-content\/uploads\/2021\/03\/1-11.jpg","width":960,"height":540},{"@type":"BreadcrumbList","@id":"https:\/\/lmtj.ro\/?p=2016#breadcrumb","itemListElement":[{"@type":"ListItem","position":1,"name":"Prima pagin\u0103","item":"https:\/\/lmtj.ro\/"},{"@type":"ListItem","position":2,"name":"Reabilitarea Liceului de Muzic\u0103 &#8222;Tudor Jarda&#8221;"}]},{"@type":"WebSite","@id":"https:\/\/lmtj.ro\/#website","url":"https:\/\/lmtj.ro\/","name":"Liceul de Muzic\u0103 &quot;Tudor Jarda&quot;","description":"Liceul de Muzic\u0103 &quot;Tudor Jarda&quot;","publisher":{"@id":"https:\/\/lmtj.ro\/#organization"},"potentialAction":[{"@type":"SearchAction","target":{"@type":"EntryPoint","urlTemplate":"https:\/\/lmtj.ro\/?s={search_term_string}"},"query-input":{"@type":"PropertyValueSpecification","valueRequired":true,"valueName":"search_term_string"}}],"inLanguage":"ro-RO"},{"@type":"Organization","@id":"https:\/\/lmtj.ro\/#organization","name":"Liceul de Muzic\u0103 &quot;Tudor Jarda&quot;","url":"https:\/\/lmtj.ro\/","logo":{"@type":"ImageObject","inLanguage":"ro-RO","@id":"https:\/\/lmtj.ro\/#\/schema\/logo\/image\/","url":"https:\/\/lmtj.ro\/wp-content\/uploads\/2021\/03\/cropped-logo_no_background-1.png","contentUrl":"https:\/\/lmtj.ro\/wp-content\/uploads\/2021\/03\/cropped-logo_no_background-1.png","width":464,"height":464,"caption":"Liceul de Muzic\u0103 &quot;Tudor Jarda&quot;"},"image":{"@id":"https:\/\/lmtj.ro\/#\/schema\/logo\/image\/"}},{"@type":"Person","@id":"https:\/\/lmtj.ro\/#\/schema\/person\/251f53cc7f78c47b51b96b6b67ce1dd9","name":"Cristi2412","image":{"@type":"ImageObject","inLanguage":"ro-RO","@id":"https:\/\/secure.gravatar.com\/avatar\/1444ab07ba320683ad35d71963c8745f885e8e1ea061ec1d634017c2172341a6?s=96&d=mm&r=g","url":"https:\/\/secure.gravatar.com\/avatar\/1444ab07ba320683ad35d71963c8745f885e8e1ea061ec1d634017c2172341a6?s=96&d=mm&r=g","contentUrl":"https:\/\/secure.gravatar.com\/avatar\/1444ab07ba320683ad35d71963c8745f885e8e1ea061ec1d634017c2172341a6?s=96&d=mm&r=g","caption":"Cristi2412"},"sameAs":["https:\/\/lmtj.ro"],"url":"https:\/\/lmtj.ro\/?author=1"}]}},"_links":{"self":[{"href":"https:\/\/lmtj.ro\/index.php?rest_route=\/wp\/v2\/posts\/2016","targetHints":{"allow":["GET"]}}],"collection":[{"href":"https:\/\/lmtj.ro\/index.php?rest_route=\/wp\/v2\/posts"}],"about":[{"href":"https:\/\/lmtj.ro\/index.php?rest_route=\/wp\/v2\/types\/post"}],"author":[{"embeddable":true,"href":"https:\/\/lmtj.ro\/index.php?rest_route=\/wp\/v2\/users\/1"}],"replies":[{"embeddable":true,"href":"https:\/\/lmtj.ro\/index.php?rest_route=%2Fwp%2Fv2%2Fcomments&post=2016"}],"version-history":[{"count":1,"href":"https:\/\/lmtj.ro\/index.php?rest_route=\/wp\/v2\/posts\/2016\/revisions"}],"predecessor-version":[{"id":2018,"href":"https:\/\/lmtj.ro\/index.php?rest_route=\/wp\/v2\/posts\/2016\/revisions\/2018"}],"wp:featuredmedia":[{"embeddable":true,"href":"https:\/\/lmtj.ro\/index.php?rest_route=\/wp\/v2\/media\/2017"}],"wp:attachment":[{"href":"https:\/\/lmtj.ro\/index.php?rest_route=%2Fwp%2Fv2%2Fmedia&parent=2016"}],"wp:term":[{"taxonomy":"category","embeddable":true,"href":"https:\/\/lmtj.ro\/index.php?rest_route=%2Fwp%2Fv2%2Fcategories&post=2016"},{"taxonomy":"post_tag","embeddable":true,"href":"https:\/\/lmtj.ro\/index.php?rest_route=%2Fwp%2Fv2%2Ftags&post=2016"},{"taxonomy":"post_folder","embeddable":true,"href":"https:\/\/lmtj.ro\/index.php?rest_route=%2Fwp%2Fv2%2Fpost_folder&post=2016"}],"curies":[{"name":"wp","href":"https:\/\/api.w.org\/{rel}","templated":true}]}}