{"id":1818,"date":"2020-11-14T08:24:00","date_gmt":"2020-11-14T08:24:00","guid":{"rendered":"https:\/\/lmtj.ro\/?p=1818"},"modified":"2021-03-15T08:25:39","modified_gmt":"2021-03-15T08:25:39","slug":"cea-de-a-v-a-editie-a-saptamanii-europene-a-competentelor-profesionale","status":"publish","type":"post","link":"https:\/\/lmtj.ro\/?p=1818","title":{"rendered":"Cea de a V-a edi\u021bie a S\u0103pt\u0103m\u00e2nii Europene a Competen\u021belor Profesionale"},"content":{"rendered":"\n<p>\u00cen perioada 9-13 noiembrie 2020, am marcat, \u00eempreun\u0103 cu clasa a XI-a B, cea de a V-a edi\u021bie a S\u0103pt\u0103m\u00e2nii Europene a Competen\u021belor Profesionale. Este o s\u0103pt\u0103m\u00e2n\u0103 important\u0103 pentru liceele voca\u021bionale pentru c\u0103 elevii \u00eenva\u021b\u0103 la \u0219coal\u0103 o meserie, aceea de \u00eenv\u0103\u021b\u0103tor\/educator. Activitatea pus\u0103 \u00een aplicare a constat \u00een crearea unui material video de maxim 60 de secunde, \u00een care elevii au vorbit despre profesia pe care o \u00eenva\u021b\u0103 \u0219i de ce consider\u0103 c\u0103 ea poate fi atractiv\u0103 pentru al\u021bi tineri. <\/p>\n\n\n\n<p>Am selectat cele mai interesante \u0219i creative filmule\u021be, 7 la num\u0103r, ale elevelor: Anda Magherusan, Maria Moisil, Anca Domide, Alexandra Pop, Sonia Fetti, Lorena Morariu, Alessandra Restivo care vor participa, \u00eencep\u00e2nd de luni, \u00eentr-o competi\u021bie la nivel na\u021bional. Le felicit pentru implicare \u0219i le \u021bin pumnii! P.S. Avem nevoie de sus\u021binerea voastr\u0103 \u00eencep\u00e2nd de luni, 16 noiembrie, dup\u0103 publicarea clipurilor \u00een cadrul competi\u021biei! Mul\u021bumim anticipat!<\/p>\n","protected":false},"excerpt":{"rendered":"<p>\u00cen perioada 9-13 noiembrie 2020, am marcat, \u00eempreun\u0103 cu clasa a XI-a B, cea de a V-a edi\u021bie a S\u0103pt\u0103m\u00e2nii Europene a Competen\u021belor Profesionale. Este o s\u0103pt\u0103m\u00e2n\u0103 important\u0103 pentru liceele voca\u021bionale pentru c\u0103 elevii \u00eenva\u021b\u0103 la \u0219coal\u0103 o meserie, aceea de \u00eenv\u0103\u021b\u0103tor\/educator. Activitatea pus\u0103 \u00een aplicare a constat \u00een crearea unui material video de maxim [&hellip;]<\/p>\n","protected":false},"author":1,"featured_media":1820,"comment_status":"open","ping_status":"open","sticky":false,"template":"","format":"standard","meta":{"site-sidebar-layout":"default","site-content-layout":"default","ast-site-content-layout":"default","site-content-style":"default","site-sidebar-style":"default","ast-global-header-display":"","ast-banner-title-visibility":"","ast-main-header-display":"","ast-hfb-above-header-display":"","ast-hfb-below-header-display":"","ast-hfb-mobile-header-display":"","site-post-title":"","ast-breadcrumbs-content":"","ast-featured-img":"","footer-sml-layout":"","ast-disable-related-posts":"","theme-transparent-header-meta":"default","adv-header-id-meta":"","stick-header-meta":"","header-above-stick-meta":"","header-main-stick-meta":"","header-below-stick-meta":"","astra-migrate-meta-layouts":"default","ast-page-background-enabled":"default","ast-page-background-meta":{"desktop":{"background-color":"","background-image":"","background-repeat":"repeat","background-position":"center center","background-size":"auto","background-attachment":"scroll","background-type":"","background-media":"","overlay-type":"","overlay-color":"","overlay-opacity":"","overlay-gradient":""},"tablet":{"background-color":"","background-image":"","background-repeat":"repeat","background-position":"center center","background-size":"auto","background-attachment":"scroll","background-type":"","background-media":"","overlay-type":"","overlay-color":"","overlay-opacity":"","overlay-gradient":""},"mobile":{"background-color":"","background-image":"","background-repeat":"repeat","background-position":"center center","background-size":"auto","background-attachment":"scroll","background-type":"","background-media":"","overlay-type":"","overlay-color":"","overlay-opacity":"","overlay-gradient":""}},"ast-content-background-meta":{"desktop":{"background-color":"var(--ast-global-color-5)","background-image":"","background-repeat":"repeat","background-position":"center center","background-size":"auto","background-attachment":"scroll","background-type":"","background-media":"","overlay-type":"","overlay-color":"","overlay-opacity":"","overlay-gradient":""},"tablet":{"background-color":"var(--ast-global-color-5)","background-image":"","background-repeat":"repeat","background-position":"center center","background-size":"auto","background-attachment":"scroll","background-type":"","background-media":"","overlay-type":"","overlay-color":"","overlay-opacity":"","overlay-gradient":""},"mobile":{"background-color":"var(--ast-global-color-5)","background-image":"","background-repeat":"repeat","background-position":"center center","background-size":"auto","background-attachment":"scroll","background-type":"","background-media":"","overlay-type":"","overlay-color":"","overlay-opacity":"","overlay-gradient":""}},"footnotes":""},"categories":[19],"tags":[],"post_folder":[],"class_list":["post-1818","post","type-post","status-publish","format-standard","has-post-thumbnail","hentry","category-general"],"yoast_head":"<!-- This site is optimized with the Yoast SEO plugin v27.2 - https:\/\/yoast.com\/product\/yoast-seo-wordpress\/ -->\n<title>Cea de a V-a edi\u021bie a S\u0103pt\u0103m\u00e2nii Europene a Competen\u021belor Profesionale - Liceul de Muzic\u0103 &quot;Tudor Jarda&quot;<\/title>\n<meta name=\"robots\" content=\"index, follow, max-snippet:-1, max-image-preview:large, max-video-preview:-1\" \/>\n<link rel=\"canonical\" href=\"https:\/\/lmtj.ro\/?p=1818\" \/>\n<meta property=\"og:locale\" content=\"ro_RO\" \/>\n<meta property=\"og:type\" content=\"article\" \/>\n<meta property=\"og:title\" content=\"Cea de a V-a edi\u021bie a S\u0103pt\u0103m\u00e2nii Europene a Competen\u021belor Profesionale - Liceul de Muzic\u0103 &quot;Tudor Jarda&quot;\" \/>\n<meta property=\"og:description\" content=\"\u00cen perioada 9-13 noiembrie 2020, am marcat, \u00eempreun\u0103 cu clasa a XI-a B, cea de a V-a edi\u021bie a S\u0103pt\u0103m\u00e2nii Europene a Competen\u021belor Profesionale. Este o s\u0103pt\u0103m\u00e2n\u0103 important\u0103 pentru liceele voca\u021bionale pentru c\u0103 elevii \u00eenva\u021b\u0103 la \u0219coal\u0103 o meserie, aceea de \u00eenv\u0103\u021b\u0103tor\/educator. Activitatea pus\u0103 \u00een aplicare a constat \u00een crearea unui material video de maxim [&hellip;]\" \/>\n<meta property=\"og:url\" content=\"https:\/\/lmtj.ro\/?p=1818\" \/>\n<meta property=\"og:site_name\" content=\"Liceul de Muzic\u0103 &quot;Tudor Jarda&quot;\" \/>\n<meta property=\"article:published_time\" content=\"2020-11-14T08:24:00+00:00\" \/>\n<meta property=\"article:modified_time\" content=\"2021-03-15T08:25:39+00:00\" \/>\n<meta property=\"og:image\" content=\"https:\/\/lmtj.ro\/wp-content\/uploads\/2021\/03\/va.jpg\" \/>\n\t<meta property=\"og:image:width\" content=\"1448\" \/>\n\t<meta property=\"og:image:height\" content=\"2047\" \/>\n\t<meta property=\"og:image:type\" content=\"image\/jpeg\" \/>\n<meta name=\"author\" content=\"Cristi2412\" \/>\n<meta name=\"twitter:card\" content=\"summary_large_image\" \/>\n<meta name=\"twitter:label1\" content=\"Scris de\" \/>\n\t<meta name=\"twitter:data1\" content=\"Cristi2412\" \/>\n\t<meta name=\"twitter:label2\" content=\"Timp estimat pentru citire\" \/>\n\t<meta name=\"twitter:data2\" content=\"1 minut\" \/>\n<script type=\"application\/ld+json\" class=\"yoast-schema-graph\">{\"@context\":\"https:\/\/schema.org\",\"@graph\":[{\"@type\":\"Article\",\"@id\":\"https:\/\/lmtj.ro\/?p=1818#article\",\"isPartOf\":{\"@id\":\"https:\/\/lmtj.ro\/?p=1818\"},\"author\":{\"name\":\"Cristi2412\",\"@id\":\"https:\/\/lmtj.ro\/#\/schema\/person\/251f53cc7f78c47b51b96b6b67ce1dd9\"},\"headline\":\"Cea de a V-a edi\u021bie a S\u0103pt\u0103m\u00e2nii Europene a Competen\u021belor Profesionale\",\"datePublished\":\"2020-11-14T08:24:00+00:00\",\"dateModified\":\"2021-03-15T08:25:39+00:00\",\"mainEntityOfPage\":{\"@id\":\"https:\/\/lmtj.ro\/?p=1818\"},\"wordCount\":180,\"commentCount\":0,\"publisher\":{\"@id\":\"https:\/\/lmtj.ro\/#organization\"},\"image\":{\"@id\":\"https:\/\/lmtj.ro\/?p=1818#primaryimage\"},\"thumbnailUrl\":\"https:\/\/lmtj.ro\/wp-content\/uploads\/2021\/03\/va.jpg\",\"articleSection\":[\"General\"],\"inLanguage\":\"ro-RO\",\"potentialAction\":[{\"@type\":\"CommentAction\",\"name\":\"Comment\",\"target\":[\"https:\/\/lmtj.ro\/?p=1818#respond\"]}]},{\"@type\":\"WebPage\",\"@id\":\"https:\/\/lmtj.ro\/?p=1818\",\"url\":\"https:\/\/lmtj.ro\/?p=1818\",\"name\":\"Cea de a V-a edi\u021bie a S\u0103pt\u0103m\u00e2nii Europene a Competen\u021belor Profesionale - Liceul de Muzic\u0103 &quot;Tudor Jarda&quot;\",\"isPartOf\":{\"@id\":\"https:\/\/lmtj.ro\/#website\"},\"primaryImageOfPage\":{\"@id\":\"https:\/\/lmtj.ro\/?p=1818#primaryimage\"},\"image\":{\"@id\":\"https:\/\/lmtj.ro\/?p=1818#primaryimage\"},\"thumbnailUrl\":\"https:\/\/lmtj.ro\/wp-content\/uploads\/2021\/03\/va.jpg\",\"datePublished\":\"2020-11-14T08:24:00+00:00\",\"dateModified\":\"2021-03-15T08:25:39+00:00\",\"breadcrumb\":{\"@id\":\"https:\/\/lmtj.ro\/?p=1818#breadcrumb\"},\"inLanguage\":\"ro-RO\",\"potentialAction\":[{\"@type\":\"ReadAction\",\"target\":[\"https:\/\/lmtj.ro\/?p=1818\"]}]},{\"@type\":\"ImageObject\",\"inLanguage\":\"ro-RO\",\"@id\":\"https:\/\/lmtj.ro\/?p=1818#primaryimage\",\"url\":\"https:\/\/lmtj.ro\/wp-content\/uploads\/2021\/03\/va.jpg\",\"contentUrl\":\"https:\/\/lmtj.ro\/wp-content\/uploads\/2021\/03\/va.jpg\",\"width\":1448,\"height\":2047},{\"@type\":\"BreadcrumbList\",\"@id\":\"https:\/\/lmtj.ro\/?p=1818#breadcrumb\",\"itemListElement\":[{\"@type\":\"ListItem\",\"position\":1,\"name\":\"Prima pagin\u0103\",\"item\":\"https:\/\/lmtj.ro\/\"},{\"@type\":\"ListItem\",\"position\":2,\"name\":\"Cea de a V-a edi\u021bie a S\u0103pt\u0103m\u00e2nii Europene a Competen\u021belor Profesionale\"}]},{\"@type\":\"WebSite\",\"@id\":\"https:\/\/lmtj.ro\/#website\",\"url\":\"https:\/\/lmtj.ro\/\",\"name\":\"Liceul de Muzic\u0103 &quot;Tudor Jarda&quot;\",\"description\":\"Liceul de Muzic\u0103 &quot;Tudor Jarda&quot;\",\"publisher\":{\"@id\":\"https:\/\/lmtj.ro\/#organization\"},\"potentialAction\":[{\"@type\":\"SearchAction\",\"target\":{\"@type\":\"EntryPoint\",\"urlTemplate\":\"https:\/\/lmtj.ro\/?s={search_term_string}\"},\"query-input\":{\"@type\":\"PropertyValueSpecification\",\"valueRequired\":true,\"valueName\":\"search_term_string\"}}],\"inLanguage\":\"ro-RO\"},{\"@type\":\"Organization\",\"@id\":\"https:\/\/lmtj.ro\/#organization\",\"name\":\"Liceul de Muzic\u0103 &quot;Tudor Jarda&quot;\",\"url\":\"https:\/\/lmtj.ro\/\",\"logo\":{\"@type\":\"ImageObject\",\"inLanguage\":\"ro-RO\",\"@id\":\"https:\/\/lmtj.ro\/#\/schema\/logo\/image\/\",\"url\":\"https:\/\/lmtj.ro\/wp-content\/uploads\/2021\/03\/cropped-logo_no_background-1.png\",\"contentUrl\":\"https:\/\/lmtj.ro\/wp-content\/uploads\/2021\/03\/cropped-logo_no_background-1.png\",\"width\":464,\"height\":464,\"caption\":\"Liceul de Muzic\u0103 &quot;Tudor Jarda&quot;\"},\"image\":{\"@id\":\"https:\/\/lmtj.ro\/#\/schema\/logo\/image\/\"}},{\"@type\":\"Person\",\"@id\":\"https:\/\/lmtj.ro\/#\/schema\/person\/251f53cc7f78c47b51b96b6b67ce1dd9\",\"name\":\"Cristi2412\",\"image\":{\"@type\":\"ImageObject\",\"inLanguage\":\"ro-RO\",\"@id\":\"https:\/\/secure.gravatar.com\/avatar\/1444ab07ba320683ad35d71963c8745f885e8e1ea061ec1d634017c2172341a6?s=96&d=mm&r=g\",\"url\":\"https:\/\/secure.gravatar.com\/avatar\/1444ab07ba320683ad35d71963c8745f885e8e1ea061ec1d634017c2172341a6?s=96&d=mm&r=g\",\"contentUrl\":\"https:\/\/secure.gravatar.com\/avatar\/1444ab07ba320683ad35d71963c8745f885e8e1ea061ec1d634017c2172341a6?s=96&d=mm&r=g\",\"caption\":\"Cristi2412\"},\"sameAs\":[\"https:\/\/lmtj.ro\"],\"url\":\"https:\/\/lmtj.ro\/?author=1\"}]}<\/script>\n<!-- \/ Yoast SEO plugin. -->","yoast_head_json":{"title":"Cea de a V-a edi\u021bie a S\u0103pt\u0103m\u00e2nii Europene a Competen\u021belor Profesionale - Liceul de Muzic\u0103 &quot;Tudor Jarda&quot;","robots":{"index":"index","follow":"follow","max-snippet":"max-snippet:-1","max-image-preview":"max-image-preview:large","max-video-preview":"max-video-preview:-1"},"canonical":"https:\/\/lmtj.ro\/?p=1818","og_locale":"ro_RO","og_type":"article","og_title":"Cea de a V-a edi\u021bie a S\u0103pt\u0103m\u00e2nii Europene a Competen\u021belor Profesionale - Liceul de Muzic\u0103 &quot;Tudor Jarda&quot;","og_description":"\u00cen perioada 9-13 noiembrie 2020, am marcat, \u00eempreun\u0103 cu clasa a XI-a B, cea de a V-a edi\u021bie a S\u0103pt\u0103m\u00e2nii Europene a Competen\u021belor Profesionale. Este o s\u0103pt\u0103m\u00e2n\u0103 important\u0103 pentru liceele voca\u021bionale pentru c\u0103 elevii \u00eenva\u021b\u0103 la \u0219coal\u0103 o meserie, aceea de \u00eenv\u0103\u021b\u0103tor\/educator. Activitatea pus\u0103 \u00een aplicare a constat \u00een crearea unui material video de maxim [&hellip;]","og_url":"https:\/\/lmtj.ro\/?p=1818","og_site_name":"Liceul de Muzic\u0103 &quot;Tudor Jarda&quot;","article_published_time":"2020-11-14T08:24:00+00:00","article_modified_time":"2021-03-15T08:25:39+00:00","og_image":[{"width":1448,"height":2047,"url":"https:\/\/lmtj.ro\/wp-content\/uploads\/2021\/03\/va.jpg","type":"image\/jpeg"}],"author":"Cristi2412","twitter_card":"summary_large_image","twitter_misc":{"Scris de":"Cristi2412","Timp estimat pentru citire":"1 minut"},"schema":{"@context":"https:\/\/schema.org","@graph":[{"@type":"Article","@id":"https:\/\/lmtj.ro\/?p=1818#article","isPartOf":{"@id":"https:\/\/lmtj.ro\/?p=1818"},"author":{"name":"Cristi2412","@id":"https:\/\/lmtj.ro\/#\/schema\/person\/251f53cc7f78c47b51b96b6b67ce1dd9"},"headline":"Cea de a V-a edi\u021bie a S\u0103pt\u0103m\u00e2nii Europene a Competen\u021belor Profesionale","datePublished":"2020-11-14T08:24:00+00:00","dateModified":"2021-03-15T08:25:39+00:00","mainEntityOfPage":{"@id":"https:\/\/lmtj.ro\/?p=1818"},"wordCount":180,"commentCount":0,"publisher":{"@id":"https:\/\/lmtj.ro\/#organization"},"image":{"@id":"https:\/\/lmtj.ro\/?p=1818#primaryimage"},"thumbnailUrl":"https:\/\/lmtj.ro\/wp-content\/uploads\/2021\/03\/va.jpg","articleSection":["General"],"inLanguage":"ro-RO","potentialAction":[{"@type":"CommentAction","name":"Comment","target":["https:\/\/lmtj.ro\/?p=1818#respond"]}]},{"@type":"WebPage","@id":"https:\/\/lmtj.ro\/?p=1818","url":"https:\/\/lmtj.ro\/?p=1818","name":"Cea de a V-a edi\u021bie a S\u0103pt\u0103m\u00e2nii Europene a Competen\u021belor Profesionale - Liceul de Muzic\u0103 &quot;Tudor Jarda&quot;","isPartOf":{"@id":"https:\/\/lmtj.ro\/#website"},"primaryImageOfPage":{"@id":"https:\/\/lmtj.ro\/?p=1818#primaryimage"},"image":{"@id":"https:\/\/lmtj.ro\/?p=1818#primaryimage"},"thumbnailUrl":"https:\/\/lmtj.ro\/wp-content\/uploads\/2021\/03\/va.jpg","datePublished":"2020-11-14T08:24:00+00:00","dateModified":"2021-03-15T08:25:39+00:00","breadcrumb":{"@id":"https:\/\/lmtj.ro\/?p=1818#breadcrumb"},"inLanguage":"ro-RO","potentialAction":[{"@type":"ReadAction","target":["https:\/\/lmtj.ro\/?p=1818"]}]},{"@type":"ImageObject","inLanguage":"ro-RO","@id":"https:\/\/lmtj.ro\/?p=1818#primaryimage","url":"https:\/\/lmtj.ro\/wp-content\/uploads\/2021\/03\/va.jpg","contentUrl":"https:\/\/lmtj.ro\/wp-content\/uploads\/2021\/03\/va.jpg","width":1448,"height":2047},{"@type":"BreadcrumbList","@id":"https:\/\/lmtj.ro\/?p=1818#breadcrumb","itemListElement":[{"@type":"ListItem","position":1,"name":"Prima pagin\u0103","item":"https:\/\/lmtj.ro\/"},{"@type":"ListItem","position":2,"name":"Cea de a V-a edi\u021bie a S\u0103pt\u0103m\u00e2nii Europene a Competen\u021belor Profesionale"}]},{"@type":"WebSite","@id":"https:\/\/lmtj.ro\/#website","url":"https:\/\/lmtj.ro\/","name":"Liceul de Muzic\u0103 &quot;Tudor Jarda&quot;","description":"Liceul de Muzic\u0103 &quot;Tudor Jarda&quot;","publisher":{"@id":"https:\/\/lmtj.ro\/#organization"},"potentialAction":[{"@type":"SearchAction","target":{"@type":"EntryPoint","urlTemplate":"https:\/\/lmtj.ro\/?s={search_term_string}"},"query-input":{"@type":"PropertyValueSpecification","valueRequired":true,"valueName":"search_term_string"}}],"inLanguage":"ro-RO"},{"@type":"Organization","@id":"https:\/\/lmtj.ro\/#organization","name":"Liceul de Muzic\u0103 &quot;Tudor Jarda&quot;","url":"https:\/\/lmtj.ro\/","logo":{"@type":"ImageObject","inLanguage":"ro-RO","@id":"https:\/\/lmtj.ro\/#\/schema\/logo\/image\/","url":"https:\/\/lmtj.ro\/wp-content\/uploads\/2021\/03\/cropped-logo_no_background-1.png","contentUrl":"https:\/\/lmtj.ro\/wp-content\/uploads\/2021\/03\/cropped-logo_no_background-1.png","width":464,"height":464,"caption":"Liceul de Muzic\u0103 &quot;Tudor Jarda&quot;"},"image":{"@id":"https:\/\/lmtj.ro\/#\/schema\/logo\/image\/"}},{"@type":"Person","@id":"https:\/\/lmtj.ro\/#\/schema\/person\/251f53cc7f78c47b51b96b6b67ce1dd9","name":"Cristi2412","image":{"@type":"ImageObject","inLanguage":"ro-RO","@id":"https:\/\/secure.gravatar.com\/avatar\/1444ab07ba320683ad35d71963c8745f885e8e1ea061ec1d634017c2172341a6?s=96&d=mm&r=g","url":"https:\/\/secure.gravatar.com\/avatar\/1444ab07ba320683ad35d71963c8745f885e8e1ea061ec1d634017c2172341a6?s=96&d=mm&r=g","contentUrl":"https:\/\/secure.gravatar.com\/avatar\/1444ab07ba320683ad35d71963c8745f885e8e1ea061ec1d634017c2172341a6?s=96&d=mm&r=g","caption":"Cristi2412"},"sameAs":["https:\/\/lmtj.ro"],"url":"https:\/\/lmtj.ro\/?author=1"}]}},"_links":{"self":[{"href":"https:\/\/lmtj.ro\/index.php?rest_route=\/wp\/v2\/posts\/1818","targetHints":{"allow":["GET"]}}],"collection":[{"href":"https:\/\/lmtj.ro\/index.php?rest_route=\/wp\/v2\/posts"}],"about":[{"href":"https:\/\/lmtj.ro\/index.php?rest_route=\/wp\/v2\/types\/post"}],"author":[{"embeddable":true,"href":"https:\/\/lmtj.ro\/index.php?rest_route=\/wp\/v2\/users\/1"}],"replies":[{"embeddable":true,"href":"https:\/\/lmtj.ro\/index.php?rest_route=%2Fwp%2Fv2%2Fcomments&post=1818"}],"version-history":[{"count":1,"href":"https:\/\/lmtj.ro\/index.php?rest_route=\/wp\/v2\/posts\/1818\/revisions"}],"predecessor-version":[{"id":1819,"href":"https:\/\/lmtj.ro\/index.php?rest_route=\/wp\/v2\/posts\/1818\/revisions\/1819"}],"wp:featuredmedia":[{"embeddable":true,"href":"https:\/\/lmtj.ro\/index.php?rest_route=\/wp\/v2\/media\/1820"}],"wp:attachment":[{"href":"https:\/\/lmtj.ro\/index.php?rest_route=%2Fwp%2Fv2%2Fmedia&parent=1818"}],"wp:term":[{"taxonomy":"category","embeddable":true,"href":"https:\/\/lmtj.ro\/index.php?rest_route=%2Fwp%2Fv2%2Fcategories&post=1818"},{"taxonomy":"post_tag","embeddable":true,"href":"https:\/\/lmtj.ro\/index.php?rest_route=%2Fwp%2Fv2%2Ftags&post=1818"},{"taxonomy":"post_folder","embeddable":true,"href":"https:\/\/lmtj.ro\/index.php?rest_route=%2Fwp%2Fv2%2Fpost_folder&post=1818"}],"curies":[{"name":"wp","href":"https:\/\/api.w.org\/{rel}","templated":true}]}}